{"id":29043,"date":"2024-02-22T11:48:31","date_gmt":"2024-02-22T11:48:31","guid":{"rendered":"https:\/\/lemco-mobility.com\/dialysepatienter-cykler-tusindvis-af-kilometer\/"},"modified":"2025-11-05T11:47:28","modified_gmt":"2025-11-05T11:47:28","slug":"dialysepatienter-cykler-tusindvis-af-kilometer","status":"publish","type":"post","link":"https:\/\/lemco-mobility.com\/da\/dialysepatienter-cykler-tusindvis-af-kilometer\/","title":{"rendered":"Dialysepatienter cykler tusindvis af kilometer"},"content":{"rendered":"\t\t<div data-elementor-type=\"wp-post\" data-elementor-id=\"29043\" class=\"elementor elementor-29043 elementor-24372\" data-elementor-post-type=\"post\">\n\t\t\t\t\t\t<section class=\"wd-negative-gap elementor-section elementor-top-section elementor-element elementor-element-658327f5 elementor-section-height-min-height elementor-section-items-stretch elementor-section-stretched elementor-section-full_width elementor-section-height-default\" data-id=\"658327f5\" data-element_type=\"section\" data-e-type=\"section\" data-settings=\"{&quot;background_background&quot;:&quot;video&quot;,&quot;stretch_section&quot;:&quot;section-stretched&quot;,&quot;background_video_start&quot;:20,&quot;background_video_end&quot;:30,&quot;shape_divider_bottom&quot;:&quot;curve&quot;,&quot;shape_divider_bottom_negative&quot;:&quot;yes&quot;,&quot;background_play_once&quot;:&quot;yes&quot;}\">\n\t\t\t\t\t<div class=\"elementor-shape elementor-shape-bottom\" aria-hidden=\"true\" data-negative=\"true\">\n\t\t\t<svg xmlns=\"http:\/\/www.w3.org\/2000\/svg\" viewBox=\"0 0 1000 100\" preserveAspectRatio=\"none\">\n\t<path class=\"elementor-shape-fill\" d=\"M500,97C126.7,96.3,0.8,19.8,0,0v100l1000,0V1C1000,19.4,873.3,97.8,500,97z\"\/>\n<\/svg>\t\t<\/div>\n\t\t\t\t\t<div class=\"elementor-container elementor-column-gap-custom\">\n\t\t\t\t\t<div class=\"elementor-column elementor-col-100 elementor-top-column elementor-element elementor-element-68465f50\" data-id=\"68465f50\" data-element_type=\"column\" data-e-type=\"column\">\n\t\t\t<div class=\"elementor-widget-wrap\">\n\t\t\t\t\t\t\t<\/div>\n\t\t<\/div>\n\t\t\t\t\t<\/div>\n\t\t<\/section>\n\t\t\t\t<section class=\"elementor-section elementor-top-section elementor-element elementor-element-6fb5e84 elementor-section-stretched elementor-section-boxed elementor-section-height-default elementor-section-height-default\" data-id=\"6fb5e84\" data-element_type=\"section\" data-e-type=\"section\" data-settings=\"{&quot;stretch_section&quot;:&quot;section-stretched&quot;,&quot;background_background&quot;:&quot;gradient&quot;}\">\n\t\t\t\t\t\t\t<div class=\"elementor-background-overlay\"><\/div>\n\t\t\t\t\t\t\t<div class=\"elementor-container elementor-column-gap-default\">\n\t\t\t\t\t<div class=\"elementor-column elementor-col-100 elementor-top-column elementor-element elementor-element-7821143\" data-id=\"7821143\" data-element_type=\"column\" data-e-type=\"column\">\n\t\t\t<div class=\"elementor-widget-wrap elementor-element-populated\">\n\t\t\t\t\t\t<div class=\"elementor-element elementor-element-237f882 elementor-widget elementor-widget-heading\" data-id=\"237f882\" data-element_type=\"widget\" data-e-type=\"widget\" data-widget_type=\"heading.default\">\n\t\t\t\t<div class=\"elementor-widget-container\">\n\t\t\t\t\t<h1 class=\"elementor-heading-title elementor-size-default\">18 dialysepatienter tr\u00e6ner i sengen<\/h1>\t\t\t\t<\/div>\n\t\t\t\t<\/div>\n\t\t\t\t<div class=\"elementor-element elementor-element-b25e0a5 elementor-widget elementor-widget-heading\" data-id=\"b25e0a5\" data-element_type=\"widget\" data-e-type=\"widget\" data-widget_type=\"heading.default\">\n\t\t\t\t<div class=\"elementor-widget-container\">\n\t\t\t\t\t<h2 class=\"elementor-heading-title elementor-size-default\">15 til 16 km hver gang de deltager i dialysesessionen. Indtil nu har de tr\u00e6net over 5.000 km.  <\/h2>\t\t\t\t<\/div>\n\t\t\t\t<\/div>\n\t\t\t\t<div class=\"elementor-element elementor-element-87873c1 color-scheme-inherit text-left elementor-widget elementor-widget-text-editor\" data-id=\"87873c1\" data-element_type=\"widget\" data-e-type=\"widget\" data-widget_type=\"text-editor.default\">\n\t\t\t\t<div class=\"elementor-widget-container\">\n\t\t\t\t\t\t\t\t\t<p>\u00d8get energiniveau Lisbeth Danmark forklarer (p\u00e5 dansk), at energiniveauet er steget, n\u00e5r patienterne er f\u00e6rdige med dialysesessionen. <\/p>\t\t\t\t\t\t\t\t<\/div>\n\t\t\t\t<\/div>\n\t\t\t\t<div class=\"elementor-element elementor-element-7470113 color-scheme-inherit text-left elementor-widget elementor-widget-text-editor\" data-id=\"7470113\" data-element_type=\"widget\" data-e-type=\"widget\" data-widget_type=\"text-editor.default\">\n\t\t\t\t<div class=\"elementor-widget-container\">\n\t\t\t\t\t\t\t\t\t<p>Patienterne fort\u00e6ller, at de ogs\u00e5 har mere energi mellem dialysesessionerne. <\/p>\t\t\t\t\t\t\t\t<\/div>\n\t\t\t\t<\/div>\n\t\t\t\t<div class=\"elementor-element elementor-element-3a6d867 elementor-align-center elementor-widget elementor-widget-button\" data-id=\"3a6d867\" data-element_type=\"widget\" data-e-type=\"widget\" data-widget_type=\"button.default\">\n\t\t\t\t<div class=\"elementor-widget-container\">\n\t\t\t\t\t\t\t\t\t<div class=\"elementor-button-wrapper\">\n\t\t\t\t\t<a class=\"elementor-button elementor-button-link elementor-size-lg\" href=\"https:\/\/www.tvsyd.dk\/nyheder\/15-06-2022\/1825\/kort-nyhedsoversigt-15-jun-2022\" target=\"_blank\">\n\t\t\t\t\t\t<span class=\"elementor-button-content-wrapper\">\n\t\t\t\t\t\t\t\t\t<span class=\"elementor-button-text\">Klik for at se video p\u00e5 TV Midts hjemmeside<\/span>\n\t\t\t\t\t<\/span>\n\t\t\t\t\t<\/a>\n\t\t\t\t<\/div>\n\t\t\t\t\t\t\t\t<\/div>\n\t\t\t\t<\/div>\n\t\t\t\t<div class=\"elementor-element elementor-element-74a03c2 uael-aspect-ratio-16_9 uael-youtube-subscribe-no elementor-widget elementor-widget-uael-video\" data-id=\"74a03c2\" data-element_type=\"widget\" data-e-type=\"widget\" data-widget_type=\"uael-video.default\">\n\t\t\t\t<div class=\"elementor-widget-container\">\n\t\t\t\t\t\t\t\t\t\t\t<div class=\"uael-video__outer-wrap  uael-video-type-youtube\" data-device=\"false\" data-vsticky=\"no\" data-hidedesktop=\"\" data-hidetablet=\"\" data-hidemobile=\"\" data-vsticky-viewport=\"0\" data-autoplay=\"1\">\n\t\t\t\t\t\t<div class=\"uael-video-inner-wrap\">\n\t\t\t\t<div class=\"uael-video__play\" data-src=\"https:\/\/www.youtube-nocookie.com\/embed\/f7wGOskHc1A?autoplay=1&amp;rel=0&amp;start&amp;end&amp;controls=1&amp;mute=0&amp;modestbranding=1&amp;\">\n\t\t\t\t\t<img decoding=\"async\" class=\"uael-video__thumb\" src=\"https:\/\/i.ytimg.com\/vi\/f7wGOskHc1A\/maxresdefault.jpg\" alt=\"\"><\/img>\n\t\t\t\t\t<div class=\"uael-video__play-icon uael-animation-\">\n\t\t\t\t\t\t<svg aria-hidden=\"true\" class=\"e-font-icon-svg e-fa-play-circle\" viewBox=\"0 0 512 512\" xmlns=\"http:\/\/www.w3.org\/2000\/svg\"><path d=\"M256 8C119 8 8 119 8 256s111 248 248 248 248-111 248-248S393 8 256 8zm115.7 272l-176 101c-15.8 8.8-35.7-2.5-35.7-21V152c0-18.4 19.8-29.8 35.7-21l176 107c16.4 9.2 16.4 32.9 0 42z\"><\/path><\/svg>\t\t\t\t\t<\/div>\n\t\t\t\t<\/div>\n\t\t\t\t\t\t\t\t\t\t\t<\/div>\n\t\t<\/div>\n\t\t\t\t\t\t\t<\/div>\n\t\t\t\t<\/div>\n\t\t\t\t<div class=\"elementor-element elementor-element-d8bd447 color-scheme-inherit text-left elementor-widget elementor-widget-text-editor\" data-id=\"d8bd447\" data-element_type=\"widget\" data-e-type=\"widget\" data-widget_type=\"text-editor.default\">\n\t\t\t\t<div class=\"elementor-widget-container\">\n\t\t\t\t\t\t\t\t\t<p><em>I alt er 8 motionscykler nu i brug p\u00e5 Sygehus S\u00f8nderjylland, <\/em><\/p>\t\t\t\t\t\t\t\t<\/div>\n\t\t\t\t<\/div>\n\t\t\t\t<div class=\"elementor-element elementor-element-1f02b08 elementor-widget elementor-widget-spacer\" data-id=\"1f02b08\" data-element_type=\"widget\" data-e-type=\"widget\" data-widget_type=\"spacer.default\">\n\t\t\t\t<div class=\"elementor-widget-container\">\n\t\t\t\t\t\t\t<div class=\"elementor-spacer\">\n\t\t\t<div class=\"elementor-spacer-inner\"><\/div>\n\t\t<\/div>\n\t\t\t\t\t\t<\/div>\n\t\t\t\t<\/div>\n\t\t\t\t\t<\/div>\n\t\t<\/div>\n\t\t\t\t\t<\/div>\n\t\t<\/section>\n\t\t\t\t<section class=\"elementor-section elementor-top-section elementor-element elementor-element-79b61826 elementor-section-stretched elementor-section-boxed elementor-section-height-default elementor-section-height-default\" data-id=\"79b61826\" data-element_type=\"section\" data-e-type=\"section\" data-settings=\"{&quot;stretch_section&quot;:&quot;section-stretched&quot;,&quot;background_background&quot;:&quot;gradient&quot;}\">\n\t\t\t\t\t\t<div class=\"elementor-container elementor-column-gap-default\">\n\t\t\t\t\t<div class=\"elementor-column elementor-col-100 elementor-top-column elementor-element elementor-element-55287fc7\" data-id=\"55287fc7\" data-element_type=\"column\" data-e-type=\"column\">\n\t\t\t<div class=\"elementor-widget-wrap elementor-element-populated\">\n\t\t\t\t\t\t<div class=\"elementor-element elementor-element-3796c530 elementor-widget-divider--view-line_text elementor-widget-divider--element-align-center elementor-widget elementor-widget-divider\" data-id=\"3796c530\" data-element_type=\"widget\" data-e-type=\"widget\" data-widget_type=\"divider.default\">\n\t\t\t\t<div class=\"elementor-widget-container\">\n\t\t\t\t\t\t\t<div class=\"elementor-divider\">\n\t\t\t<span class=\"elementor-divider-separator\">\n\t\t\t\t\t\t\t<span class=\"elementor-divider__text elementor-divider__element\">\n\t\t\t\tRelaterede dialyseartikler\t\t\t\t<\/span>\n\t\t\t\t\t\t<\/span>\n\t\t<\/div>\n\t\t\t\t\t\t<\/div>\n\t\t\t\t<\/div>\n\t\t\t\t<div class=\"elementor-element elementor-element-2471d11d uael-post__news-stack-no elementor-widget elementor-widget-uael-posts\" data-id=\"2471d11d\" data-element_type=\"widget\" data-e-type=\"widget\" data-settings=\"{&quot;news_slides_to_show&quot;:1,&quot;news_slides_to_show_tablet&quot;:2,&quot;news_slides_to_show_mobile&quot;:1,&quot;news_pagination_type&quot;:&quot;ajax&quot;}\" data-widget_type=\"uael-posts.news\">\n\t\t\t\t<div class=\"elementor-widget-container\">\n\t\t\t\t\t\t\t<div class=\"uael-post__header\">\n\t\t\t\t\t<\/div>\n\t\t<div class=\"uael-post__body\">\n\t\t\t\n\t\t<div class=\"uael-post-image-left uael-post-grid uael-posts uael-post_structure-featured uael-featured_post_structure-\" data-query-type=\"custom\" data-structure=\"featured\" data-layout=\"\" data-page=\"0\" data-skin=\"news\" data-filter-default=\"\" data-offset-top=\"30\" >\n\n\t\t\t\n\n<div class=\"uael-post-wrapper   uael-post-wrapper-featured dialyse \">\n\t<div class=\"uael-post__bg-wrap\">\n\t\t\n\t\t\n\t\t<div class=\"uael-post__inner-wrap\">\n\n\t\t\t\t<div class=\"uael-post__thumbnail\">\n\t\t\t<a target=\"_self\" href=\"https:\/\/lemco-mobility.com\/da\/dialyse-traening-under-dialyse-2\/\" title=\"Dialyse &#8211; Jack cykler 30 km per dialysesession\" style=\"background-image: url(&#039;https:\/\/lemco-mobility.com\/wp-content\/uploads\/2026\/02\/Dialysis-exercise-bloodpressure-drop-768x504.webp&#039;);\">\n\t\t\t\t\t\t\t\t<\/a>\n\t\t<\/div>\n\t\t\n\t\t\t\n\t\t\t<div class=\"uael-post__content-wrap \">\n\t\t\t\t<div class=\"uael-post__terms-wrap\">\n\t\t\t\t\t<span class=\"uael-post__terms\"><span class=\"uael-listing__terms-link\">Dialyse<\/span><\/span>\t\t\t\t<\/div>\n\t\t\t\t\t<h5 class=\"uael-post__title\">\n\n\t\t\n\t\t\t\t\t\t<a href=\"https:\/\/lemco-mobility.com\/da\/dialyse-traening-under-dialyse-2\/\" target=\"_self\">\n\t\t\t\tDialyse &#8211; Jack cykler 30 km per dialysesession\t\t\t<\/a>\n\n\t\t\t\t<\/h5>\n\t\t\n\t\t<div class=\"uael-post__meta-data\">\n\n\t\t\n\t\t<\/div>\n\n\t\t\t\t<div class=\"uael-post__excerpt\">\n\t\t\t<p>Tr\u00e6ning medens man er i dialyse reducerer blodtryksfald<\/p>\n\t\t<\/div>\n\t\t\t\t\t<a class=\"uael-post__read-more elementor-button\" href=\"https:\/\/lemco-mobility.com\/da\/dialyse-traening-under-dialyse-2\/\" target=\"_self\" aria-labelledby=\"uael-post-30092\">\n\t\t\t\t\t<span class=\"elementor-button-content-wrapper\">\n\t\t\t\t\t\t\t\t\t\t\t\t\t\t<span class=\"elementor-button-icon elementor-align-icon-left\">\n\n\t\t\t\t\t\t\t\t\t\n\t\t\t\t\t\t\t\t<\/span>\n\t\t\t\t\t\t\t\t\t\t\t\t\t\n\t\t\t\t\t\t<span class=\"elementor-button-text\" id=uael-post-30092>L\u00e6s mere \u2192<\/span>\n\t\t\t\t\t<\/span>\n\t\t\t\t<\/a>\n\t\t\t\t\t\t<\/div>\n\t\t\t\n\t\t<\/div>\n\t\t\n\t<\/div>\n\n<\/div>\n\n\t\t\t\t\t\t<div class=\"uael-post-grid__inner uael-post__columns-1 uael-post__columns-tablet-2 uael-post__columns-mobile-1\">\n\t\t\t\n\n<div class=\"uael-post-wrapper   dialyse \">\n\t<div class=\"uael-post__bg-wrap\">\n\t\t\n\t\t\n\t\t<div class=\"uael-post__inner-wrap\">\n\n\t\t\t\t<div class=\"uael-post__thumbnail\">\n\t\t\t<a target=\"_self\" href=\"https:\/\/lemco-mobility.com\/da\/dialyse-sengetraening-under-dialyse\/\" title=\"Dialyse &#8211; sengetr\u00e6ning under dialyse\" style=\"background-image: url(&#039;https:\/\/lemco-mobility.com\/wp-content\/uploads\/2025\/08\/Dialysis-Bed-Exercise.webp&#039;);\">\n\t\t\t\t\t\t\t\t<\/a>\n\t\t<\/div>\n\t\t\n\t\t\t\n\t\t\t<div class=\"uael-post__content-wrap \">\n\t\t\t\t<div class=\"uael-post__terms-wrap\">\n\t\t\t\t\t<span class=\"uael-post__terms\"><span class=\"uael-listing__terms-link\">Dialyse<\/span><\/span>\t\t\t\t<\/div>\n\t\t\t\t\t<h5 class=\"uael-post__title\">\n\n\t\t\n\t\t\t\t\t\t<a href=\"https:\/\/lemco-mobility.com\/da\/dialyse-sengetraening-under-dialyse\/\" target=\"_self\">\n\t\t\t\tDialyse &#8211; sengetr\u00e6ning under dialyse\t\t\t<\/a>\n\n\t\t\t\t<\/h5>\n\t\t\t\t\t<div class=\"uael-post__meta-data\">\n\t\t\t\t\t<\/div>\n\t\t\n\t\t<div class=\"uael-post__excerpt\">\n\t\t\tESRD Slutstadium nyresygdom Tr\u00e6ning for bedre livskvalitet for dialysepatienter. \t\t<\/div>\n\n\t\t\t\t\t<a class=\"uael-post__read-more elementor-button\" href=\"https:\/\/lemco-mobility.com\/da\/dialyse-sengetraening-under-dialyse\/\" target=\"_self\" aria-labelledby=\"uael-post-29059\">\n\t\t\t\t\t<span class=\"elementor-button-content-wrapper\">\n\t\t\t\t\t\t\t\t\t\t\t\t\t\t<span class=\"elementor-button-icon elementor-align-icon-left\">\n\n\t\t\t\t\t\t\t\t\t\n\t\t\t\t\t\t\t\t<\/span>\n\t\t\t\t\t\t\t\t\t\t\t\t\t\n\t\t\t\t\t\t<span class=\"elementor-button-text\" id=uael-post-29059>L\u00e6s mere \u2192<\/span>\n\t\t\t\t\t<\/span>\n\t\t\t\t<\/a>\n\t\t\t\t\t\t<\/div>\n\t\t\t\n\t\t<\/div>\n\t\t\n\t<\/div>\n\n<\/div>\n\n\n<div class=\"uael-post-wrapper   dialyse \">\n\t<div class=\"uael-post__bg-wrap\">\n\t\t\n\t\t\n\t\t<div class=\"uael-post__inner-wrap\">\n\n\t\t\t\t<div class=\"uael-post__thumbnail\">\n\t\t\t<a target=\"_self\" href=\"https:\/\/lemco-mobility.com\/da\/bedbike-giver-dialysepatienter-energi-og-en-oeget-livskvalitet\/\" title=\"BedBike giver dialysepatienter energi og en \u00f8get livskvalitet\" style=\"background-image: url(&#039;https:\/\/lemco-mobility.com\/wp-content\/uploads\/2022\/10\/dialysis-headnurse_thumbnail-768x700.jpg&#039;);\">\n\t\t\t\t\t\t\t\t<\/a>\n\t\t<\/div>\n\t\t\n\t\t\t\n\t\t\t<div class=\"uael-post__content-wrap \">\n\t\t\t\t<div class=\"uael-post__terms-wrap\">\n\t\t\t\t\t<span class=\"uael-post__terms\"><span class=\"uael-listing__terms-link\">Dialyse<\/span><\/span>\t\t\t\t<\/div>\n\t\t\t\t\t<h5 class=\"uael-post__title\">\n\n\t\t\n\t\t\t\t\t\t<a href=\"https:\/\/lemco-mobility.com\/da\/bedbike-giver-dialysepatienter-energi-og-en-oeget-livskvalitet\/\" target=\"_self\">\n\t\t\t\tBedBike giver dialysepatienter energi og en \u00f8get livskvalitet\t\t\t<\/a>\n\n\t\t\t\t<\/h5>\n\t\t\t\t\t<div class=\"uael-post__meta-data\">\n\t\t\t\t\t<\/div>\n\t\t\n\t\t<div class=\"uael-post__excerpt\">\n\t\t\tN\u00e5r man bruger BedBike fra Lemco Mobility, oplever dialysepatienter f\u00e6rre kramper og har mere energi. Personalet p\u00e5 Randers Dialyseafdeling kan ogs\u00e5 nemt h\u00e5ndtere den lille ...\t\t<\/div>\n\n\t\t\t\t\t<a class=\"uael-post__read-more elementor-button\" href=\"https:\/\/lemco-mobility.com\/da\/bedbike-giver-dialysepatienter-energi-og-en-oeget-livskvalitet\/\" target=\"_self\" aria-labelledby=\"uael-post-29172\">\n\t\t\t\t\t<span class=\"elementor-button-content-wrapper\">\n\t\t\t\t\t\t\t\t\t\t\t\t\t\t<span class=\"elementor-button-icon elementor-align-icon-left\">\n\n\t\t\t\t\t\t\t\t\t\n\t\t\t\t\t\t\t\t<\/span>\n\t\t\t\t\t\t\t\t\t\t\t\t\t\n\t\t\t\t\t\t<span class=\"elementor-button-text\" id=uael-post-29172>L\u00e6s mere \u2192<\/span>\n\t\t\t\t\t<\/span>\n\t\t\t\t<\/a>\n\t\t\t\t\t\t<\/div>\n\t\t\t\n\t\t<\/div>\n\t\t\n\t<\/div>\n\n<\/div>\n\n\n<div class=\"uael-post-wrapper   dialyse \">\n\t<div class=\"uael-post__bg-wrap\">\n\t\t\n\t\t\n\t\t<div class=\"uael-post__inner-wrap\">\n\n\t\t\t\t<div class=\"uael-post__thumbnail\">\n\t\t\t<a target=\"_self\" href=\"https:\/\/lemco-mobility.com\/da\/dialyse-traeningscykel-til-dialysestole\/\" title=\"Dialyse tr\u00e6ningscykel til dialysestole\" style=\"background-image: url(&#039;https:\/\/lemco-mobility.com\/wp-content\/uploads\/2022\/02\/IMG_4909-768x461.webp&#039;);\">\n\t\t\t\t\t\t\t\t<\/a>\n\t\t<\/div>\n\t\t\n\t\t\t\n\t\t\t<div class=\"uael-post__content-wrap \">\n\t\t\t\t<div class=\"uael-post__terms-wrap\">\n\t\t\t\t\t<span class=\"uael-post__terms\"><span class=\"uael-listing__terms-link\">Dialyse<\/span><\/span>\t\t\t\t<\/div>\n\t\t\t\t\t<h5 class=\"uael-post__title\">\n\n\t\t\n\t\t\t\t\t\t<a href=\"https:\/\/lemco-mobility.com\/da\/dialyse-traeningscykel-til-dialysestole\/\" target=\"_self\">\n\t\t\t\tDialyse tr\u00e6ningscykel til dialysestole\t\t\t<\/a>\n\n\t\t\t\t<\/h5>\n\t\t\t\t\t<div class=\"uael-post__meta-data\">\n\t\t\t\t\t<\/div>\n\t\t\n\t\t<div class=\"uael-post__excerpt\">\n\t\t\tBedBike &#8211; perfekt til dialyse Dialysecenter &#8211; region syd (Danmark) De f\u00f8rste to BedBike tr\u00e6ningscykler blev k\u00f8bt i 2020. Hospitalet ...\t\t<\/div>\n\n\t\t\t\t\t<a class=\"uael-post__read-more elementor-button\" href=\"https:\/\/lemco-mobility.com\/da\/dialyse-traeningscykel-til-dialysestole\/\" target=\"_self\" aria-labelledby=\"uael-post-29394\">\n\t\t\t\t\t<span class=\"elementor-button-content-wrapper\">\n\t\t\t\t\t\t\t\t\t\t\t\t\t\t<span class=\"elementor-button-icon elementor-align-icon-left\">\n\n\t\t\t\t\t\t\t\t\t\n\t\t\t\t\t\t\t\t<\/span>\n\t\t\t\t\t\t\t\t\t\t\t\t\t\n\t\t\t\t\t\t<span class=\"elementor-button-text\" id=uael-post-29394>L\u00e6s mere \u2192<\/span>\n\t\t\t\t\t<\/span>\n\t\t\t\t<\/a>\n\t\t\t\t\t\t<\/div>\n\t\t\t\n\t\t<\/div>\n\t\t\n\t<\/div>\n\n<\/div>\n\t\t\t\t<\/div>\n\t\t\t\n\t\t<\/div>\n\t\t\t\t<\/div>\n\t\t<div class=\"uael-post__footer\">\n\t\t\t\t\t\t<nav class=\"uael-grid-pagination\"  role=\"navigation\" aria-label=\"Pagination\">\n\t\t\t\t<span aria-current=\"page\" class=\"page-numbers current\">1<\/span>\n<a class=\"page-numbers\" href=\"https:\/\/lemco-mobility.com\/da\/wp-json\/wp\/v2\/posts\/29043\/page\/2\/\">2<\/a>\n<a class=\"next page-numbers\" href=\"https:\/\/lemco-mobility.com\/da\/wp-json\/wp\/v2\/posts\/29043\/page\/2\/\">N\u00e6ste &raquo;<\/a>\t\t\t<\/nav>\n\t\t\t\t\t<\/div>\n\t\t\t\t\t\t<\/div>\n\t\t\t\t<\/div>\n\t\t\t\t\t<\/div>\n\t\t<\/div>\n\t\t\t\t\t<\/div>\n\t\t<\/section>\n\t\t\t\t<\/div>\n\t\t","protected":false},"excerpt":{"rendered":"<p>P\u00e5 S\u00f8nderborg Sygehus cykler 18 patienter tusindvis af kilometer, mens de er i dialyse. Tr\u00e6ningen giver en r\u00e6kke sundhedsm\u00e6ssige fordele, som blev vist i TV Avisen.  <\/p>\n<p><b>Se fra 2 minutter og 04 sekunder<\/b><\/p>\n","protected":false},"author":2,"featured_media":29045,"comment_status":"closed","ping_status":"open","sticky":false,"template":"elementor_header_footer","format":"standard","meta":{"content-type":"","footnotes":""},"categories":[283],"tags":[],"class_list":["post-29043","post","type-post","status-publish","format-standard","has-post-thumbnail","hentry","category-nyheder"],"yoast_head":"<!-- This site is optimized with the Yoast SEO Premium plugin v27.5 (Yoast SEO v27.5) - https:\/\/yoast.com\/product\/yoast-seo-premium-wordpress\/ -->\n<title>Dialysepatienter cykler tusindvis af kilometer - LEMCO Mobility<\/title>\n<meta name=\"description\" content=\"Dialysepatienter cykler tusindvis af kilometer under dialyse. Rapporteret fra et hospital i Syddanmark.\" \/>\n<meta name=\"robots\" content=\"index, follow, max-snippet:-1, max-image-preview:large, max-video-preview:-1\" \/>\n<link rel=\"canonical\" href=\"https:\/\/lemco-mobility.com\/da\/dialysepatienter-cykler-tusindvis-af-kilometer\/\" \/>\n<meta property=\"og:locale\" content=\"da_DK\" \/>\n<meta property=\"og:type\" content=\"article\" \/>\n<meta property=\"og:title\" content=\"Dialysepatienter cykler tusindvis af kilometer\" \/>\n<meta property=\"og:description\" content=\"Dialysepatienter cykler tusindvis af kilometer under dialyse. Rapporteret fra et hospital i Syddanmark.\" \/>\n<meta property=\"og:url\" content=\"https:\/\/lemco-mobility.com\/da\/dialysepatienter-cykler-tusindvis-af-kilometer\/\" \/>\n<meta property=\"og:site_name\" content=\"LEMCO Mobility\" \/>\n<meta property=\"article:publisher\" content=\"https:\/\/www.facebook.com\/lemcomobility\" \/>\n<meta property=\"article:published_time\" content=\"2024-02-22T11:48:31+00:00\" \/>\n<meta property=\"article:modified_time\" content=\"2025-11-05T11:47:28+00:00\" \/>\n<meta property=\"og:image\" content=\"https:\/\/lemco-mobility.com\/wp-content\/uploads\/2022\/12\/Dialysis-exercise-while-in-care-pedal-trainer-BedBike.webp\" \/>\n\t<meta property=\"og:image:width\" content=\"1200\" \/>\n\t<meta property=\"og:image:height\" content=\"1600\" \/>\n\t<meta property=\"og:image:type\" content=\"image\/webp\" \/>\n<meta name=\"author\" content=\"Carsten Lemche\" \/>\n<meta name=\"twitter:card\" content=\"summary_large_image\" \/>\n<meta name=\"twitter:label1\" content=\"Skrevet af\" \/>\n\t<meta name=\"twitter:data1\" content=\"Carsten Lemche\" \/>\n\t<meta name=\"twitter:label2\" content=\"Estimeret l\u00e6setid\" \/>\n\t<meta name=\"twitter:data2\" content=\"1 minut\" \/>\n<script type=\"application\/ld+json\" class=\"yoast-schema-graph\">{\"@context\":\"https:\\\/\\\/schema.org\",\"@graph\":[{\"@type\":\"Article\",\"@id\":\"https:\\\/\\\/lemco-mobility.com\\\/da\\\/dialysepatienter-cykler-tusindvis-af-kilometer\\\/#article\",\"isPartOf\":{\"@id\":\"https:\\\/\\\/lemco-mobility.com\\\/da\\\/dialysepatienter-cykler-tusindvis-af-kilometer\\\/\"},\"author\":{\"name\":\"Carsten Lemche\",\"@id\":\"https:\\\/\\\/lemco-mobility.com\\\/da\\\/#\\\/schema\\\/person\\\/5b174944ca10a7fd1a36f6fa00f45a4b\"},\"headline\":\"Dialysepatienter cykler tusindvis af kilometer\",\"datePublished\":\"2024-02-22T11:48:31+00:00\",\"dateModified\":\"2025-11-05T11:47:28+00:00\",\"mainEntityOfPage\":{\"@id\":\"https:\\\/\\\/lemco-mobility.com\\\/da\\\/dialysepatienter-cykler-tusindvis-af-kilometer\\\/\"},\"wordCount\":204,\"publisher\":{\"@id\":\"https:\\\/\\\/lemco-mobility.com\\\/da\\\/#organization\"},\"image\":{\"@id\":\"https:\\\/\\\/lemco-mobility.com\\\/da\\\/dialysepatienter-cykler-tusindvis-af-kilometer\\\/#primaryimage\"},\"thumbnailUrl\":\"https:\\\/\\\/lemco-mobility.com\\\/wp-content\\\/uploads\\\/2022\\\/12\\\/Dialysis-exercise-while-in-care-pedal-trainer-BedBike.webp\",\"articleSection\":[\"nyheder\"],\"inLanguage\":\"da-DK\"},{\"@type\":\"WebPage\",\"@id\":\"https:\\\/\\\/lemco-mobility.com\\\/da\\\/dialysepatienter-cykler-tusindvis-af-kilometer\\\/\",\"url\":\"https:\\\/\\\/lemco-mobility.com\\\/da\\\/dialysepatienter-cykler-tusindvis-af-kilometer\\\/\",\"name\":\"Dialysepatienter cykler tusindvis af kilometer - LEMCO Mobility\",\"isPartOf\":{\"@id\":\"https:\\\/\\\/lemco-mobility.com\\\/da\\\/#website\"},\"primaryImageOfPage\":{\"@id\":\"https:\\\/\\\/lemco-mobility.com\\\/da\\\/dialysepatienter-cykler-tusindvis-af-kilometer\\\/#primaryimage\"},\"image\":{\"@id\":\"https:\\\/\\\/lemco-mobility.com\\\/da\\\/dialysepatienter-cykler-tusindvis-af-kilometer\\\/#primaryimage\"},\"thumbnailUrl\":\"https:\\\/\\\/lemco-mobility.com\\\/wp-content\\\/uploads\\\/2022\\\/12\\\/Dialysis-exercise-while-in-care-pedal-trainer-BedBike.webp\",\"datePublished\":\"2024-02-22T11:48:31+00:00\",\"dateModified\":\"2025-11-05T11:47:28+00:00\",\"description\":\"Dialysepatienter cykler tusindvis af kilometer under dialyse. Rapporteret fra et hospital i Syddanmark.\",\"breadcrumb\":{\"@id\":\"https:\\\/\\\/lemco-mobility.com\\\/da\\\/dialysepatienter-cykler-tusindvis-af-kilometer\\\/#breadcrumb\"},\"inLanguage\":\"da-DK\",\"potentialAction\":[{\"@type\":\"ReadAction\",\"target\":[\"https:\\\/\\\/lemco-mobility.com\\\/da\\\/dialysepatienter-cykler-tusindvis-af-kilometer\\\/\"]}]},{\"@type\":\"ImageObject\",\"inLanguage\":\"da-DK\",\"@id\":\"https:\\\/\\\/lemco-mobility.com\\\/da\\\/dialysepatienter-cykler-tusindvis-af-kilometer\\\/#primaryimage\",\"url\":\"https:\\\/\\\/lemco-mobility.com\\\/wp-content\\\/uploads\\\/2022\\\/12\\\/Dialysis-exercise-while-in-care-pedal-trainer-BedBike.webp\",\"contentUrl\":\"https:\\\/\\\/lemco-mobility.com\\\/wp-content\\\/uploads\\\/2022\\\/12\\\/Dialysis-exercise-while-in-care-pedal-trainer-BedBike.webp\",\"width\":1200,\"height\":1600,\"caption\":\"BedBike TV til dialyse\"},{\"@type\":\"BreadcrumbList\",\"@id\":\"https:\\\/\\\/lemco-mobility.com\\\/da\\\/dialysepatienter-cykler-tusindvis-af-kilometer\\\/#breadcrumb\",\"itemListElement\":[{\"@type\":\"ListItem\",\"position\":1,\"name\":\"Home\",\"item\":\"https:\\\/\\\/lemco-mobility.com\\\/da\\\/traeningscykler-til-koerestol-stol-bedbikes-til-hospitalssenge\\\/\"},{\"@type\":\"ListItem\",\"position\":2,\"name\":\"Dialysepatienter cykler tusindvis af kilometer\"}]},{\"@type\":\"WebSite\",\"@id\":\"https:\\\/\\\/lemco-mobility.com\\\/da\\\/#website\",\"url\":\"https:\\\/\\\/lemco-mobility.com\\\/da\\\/\",\"name\":\"LEMCO Mobility\",\"description\":\"Exercisers for Wheelchair and Chair &amp; BedBikes for Hospital beds\",\"publisher\":{\"@id\":\"https:\\\/\\\/lemco-mobility.com\\\/da\\\/#organization\"},\"alternateName\":\"We increase Personal Mobility\",\"potentialAction\":[{\"@type\":\"SearchAction\",\"target\":{\"@type\":\"EntryPoint\",\"urlTemplate\":\"https:\\\/\\\/lemco-mobility.com\\\/da\\\/?s={search_term_string}\"},\"query-input\":{\"@type\":\"PropertyValueSpecification\",\"valueRequired\":true,\"valueName\":\"search_term_string\"}}],\"inLanguage\":\"da-DK\"},{\"@type\":\"Organization\",\"@id\":\"https:\\\/\\\/lemco-mobility.com\\\/da\\\/#organization\",\"name\":\"Lemco mobilitet\",\"url\":\"https:\\\/\\\/lemco-mobility.com\\\/da\\\/\",\"logo\":{\"@type\":\"ImageObject\",\"inLanguage\":\"da-DK\",\"@id\":\"https:\\\/\\\/lemco-mobility.com\\\/da\\\/#\\\/schema\\\/logo\\\/image\\\/\",\"url\":\"https:\\\/\\\/lemco-mobility.com\\\/wp-content\\\/uploads\\\/2021\\\/12\\\/Lemco_Logo_RGB_AlmostBlack.webp\",\"contentUrl\":\"https:\\\/\\\/lemco-mobility.com\\\/wp-content\\\/uploads\\\/2021\\\/12\\\/Lemco_Logo_RGB_AlmostBlack.webp\",\"width\":250,\"height\":36,\"caption\":\"Lemco mobilitet\"},\"image\":{\"@id\":\"https:\\\/\\\/lemco-mobility.com\\\/da\\\/#\\\/schema\\\/logo\\\/image\\\/\"},\"sameAs\":[\"https:\\\/\\\/www.facebook.com\\\/lemcomobility\",\"https:\\\/\\\/m.youtube.com\\\/channel\\\/UClAacR9HmcdIoue_NQtX2Ng\"]},{\"@type\":\"Person\",\"@id\":\"https:\\\/\\\/lemco-mobility.com\\\/da\\\/#\\\/schema\\\/person\\\/5b174944ca10a7fd1a36f6fa00f45a4b\",\"name\":\"Carsten Lemche\",\"image\":{\"@type\":\"ImageObject\",\"inLanguage\":\"da-DK\",\"@id\":\"https:\\\/\\\/secure.gravatar.com\\\/avatar\\\/b243a41f9ce6583bd62f0b0c7aa323f3824a97d024a11f1463613199da7aa7c6?s=96&d=mm&r=g\",\"url\":\"https:\\\/\\\/secure.gravatar.com\\\/avatar\\\/b243a41f9ce6583bd62f0b0c7aa323f3824a97d024a11f1463613199da7aa7c6?s=96&d=mm&r=g\",\"contentUrl\":\"https:\\\/\\\/secure.gravatar.com\\\/avatar\\\/b243a41f9ce6583bd62f0b0c7aa323f3824a97d024a11f1463613199da7aa7c6?s=96&d=mm&r=g\",\"caption\":\"Carsten Lemche\"},\"url\":\"https:\\\/\\\/lemco-mobility.com\\\/da\\\/author\\\/carsten-lemcomobility\\\/\"}]}<\/script>\n<!-- \/ Yoast SEO Premium plugin. -->","yoast_head_json":{"title":"Dialysepatienter cykler tusindvis af kilometer - LEMCO Mobility","description":"Dialysepatienter cykler tusindvis af kilometer under dialyse. Rapporteret fra et hospital i Syddanmark.","robots":{"index":"index","follow":"follow","max-snippet":"max-snippet:-1","max-image-preview":"max-image-preview:large","max-video-preview":"max-video-preview:-1"},"canonical":"https:\/\/lemco-mobility.com\/da\/dialysepatienter-cykler-tusindvis-af-kilometer\/","og_locale":"da_DK","og_type":"article","og_title":"Dialysepatienter cykler tusindvis af kilometer","og_description":"Dialysepatienter cykler tusindvis af kilometer under dialyse. Rapporteret fra et hospital i Syddanmark.","og_url":"https:\/\/lemco-mobility.com\/da\/dialysepatienter-cykler-tusindvis-af-kilometer\/","og_site_name":"LEMCO Mobility","article_publisher":"https:\/\/www.facebook.com\/lemcomobility","article_published_time":"2024-02-22T11:48:31+00:00","article_modified_time":"2025-11-05T11:47:28+00:00","og_image":[{"width":1200,"height":1600,"url":"https:\/\/lemco-mobility.com\/wp-content\/uploads\/2022\/12\/Dialysis-exercise-while-in-care-pedal-trainer-BedBike.webp","type":"image\/webp"}],"author":"Carsten Lemche","twitter_card":"summary_large_image","twitter_misc":{"Skrevet af":"Carsten Lemche","Estimeret l\u00e6setid":"1 minut"},"schema":{"@context":"https:\/\/schema.org","@graph":[{"@type":"Article","@id":"https:\/\/lemco-mobility.com\/da\/dialysepatienter-cykler-tusindvis-af-kilometer\/#article","isPartOf":{"@id":"https:\/\/lemco-mobility.com\/da\/dialysepatienter-cykler-tusindvis-af-kilometer\/"},"author":{"name":"Carsten Lemche","@id":"https:\/\/lemco-mobility.com\/da\/#\/schema\/person\/5b174944ca10a7fd1a36f6fa00f45a4b"},"headline":"Dialysepatienter cykler tusindvis af kilometer","datePublished":"2024-02-22T11:48:31+00:00","dateModified":"2025-11-05T11:47:28+00:00","mainEntityOfPage":{"@id":"https:\/\/lemco-mobility.com\/da\/dialysepatienter-cykler-tusindvis-af-kilometer\/"},"wordCount":204,"publisher":{"@id":"https:\/\/lemco-mobility.com\/da\/#organization"},"image":{"@id":"https:\/\/lemco-mobility.com\/da\/dialysepatienter-cykler-tusindvis-af-kilometer\/#primaryimage"},"thumbnailUrl":"https:\/\/lemco-mobility.com\/wp-content\/uploads\/2022\/12\/Dialysis-exercise-while-in-care-pedal-trainer-BedBike.webp","articleSection":["nyheder"],"inLanguage":"da-DK"},{"@type":"WebPage","@id":"https:\/\/lemco-mobility.com\/da\/dialysepatienter-cykler-tusindvis-af-kilometer\/","url":"https:\/\/lemco-mobility.com\/da\/dialysepatienter-cykler-tusindvis-af-kilometer\/","name":"Dialysepatienter cykler tusindvis af kilometer - LEMCO Mobility","isPartOf":{"@id":"https:\/\/lemco-mobility.com\/da\/#website"},"primaryImageOfPage":{"@id":"https:\/\/lemco-mobility.com\/da\/dialysepatienter-cykler-tusindvis-af-kilometer\/#primaryimage"},"image":{"@id":"https:\/\/lemco-mobility.com\/da\/dialysepatienter-cykler-tusindvis-af-kilometer\/#primaryimage"},"thumbnailUrl":"https:\/\/lemco-mobility.com\/wp-content\/uploads\/2022\/12\/Dialysis-exercise-while-in-care-pedal-trainer-BedBike.webp","datePublished":"2024-02-22T11:48:31+00:00","dateModified":"2025-11-05T11:47:28+00:00","description":"Dialysepatienter cykler tusindvis af kilometer under dialyse. Rapporteret fra et hospital i Syddanmark.","breadcrumb":{"@id":"https:\/\/lemco-mobility.com\/da\/dialysepatienter-cykler-tusindvis-af-kilometer\/#breadcrumb"},"inLanguage":"da-DK","potentialAction":[{"@type":"ReadAction","target":["https:\/\/lemco-mobility.com\/da\/dialysepatienter-cykler-tusindvis-af-kilometer\/"]}]},{"@type":"ImageObject","inLanguage":"da-DK","@id":"https:\/\/lemco-mobility.com\/da\/dialysepatienter-cykler-tusindvis-af-kilometer\/#primaryimage","url":"https:\/\/lemco-mobility.com\/wp-content\/uploads\/2022\/12\/Dialysis-exercise-while-in-care-pedal-trainer-BedBike.webp","contentUrl":"https:\/\/lemco-mobility.com\/wp-content\/uploads\/2022\/12\/Dialysis-exercise-while-in-care-pedal-trainer-BedBike.webp","width":1200,"height":1600,"caption":"BedBike TV til dialyse"},{"@type":"BreadcrumbList","@id":"https:\/\/lemco-mobility.com\/da\/dialysepatienter-cykler-tusindvis-af-kilometer\/#breadcrumb","itemListElement":[{"@type":"ListItem","position":1,"name":"Home","item":"https:\/\/lemco-mobility.com\/da\/traeningscykler-til-koerestol-stol-bedbikes-til-hospitalssenge\/"},{"@type":"ListItem","position":2,"name":"Dialysepatienter cykler tusindvis af kilometer"}]},{"@type":"WebSite","@id":"https:\/\/lemco-mobility.com\/da\/#website","url":"https:\/\/lemco-mobility.com\/da\/","name":"LEMCO Mobility","description":"Exercisers for Wheelchair and Chair &amp; BedBikes for Hospital beds","publisher":{"@id":"https:\/\/lemco-mobility.com\/da\/#organization"},"alternateName":"We increase Personal Mobility","potentialAction":[{"@type":"SearchAction","target":{"@type":"EntryPoint","urlTemplate":"https:\/\/lemco-mobility.com\/da\/?s={search_term_string}"},"query-input":{"@type":"PropertyValueSpecification","valueRequired":true,"valueName":"search_term_string"}}],"inLanguage":"da-DK"},{"@type":"Organization","@id":"https:\/\/lemco-mobility.com\/da\/#organization","name":"Lemco mobilitet","url":"https:\/\/lemco-mobility.com\/da\/","logo":{"@type":"ImageObject","inLanguage":"da-DK","@id":"https:\/\/lemco-mobility.com\/da\/#\/schema\/logo\/image\/","url":"https:\/\/lemco-mobility.com\/wp-content\/uploads\/2021\/12\/Lemco_Logo_RGB_AlmostBlack.webp","contentUrl":"https:\/\/lemco-mobility.com\/wp-content\/uploads\/2021\/12\/Lemco_Logo_RGB_AlmostBlack.webp","width":250,"height":36,"caption":"Lemco mobilitet"},"image":{"@id":"https:\/\/lemco-mobility.com\/da\/#\/schema\/logo\/image\/"},"sameAs":["https:\/\/www.facebook.com\/lemcomobility","https:\/\/m.youtube.com\/channel\/UClAacR9HmcdIoue_NQtX2Ng"]},{"@type":"Person","@id":"https:\/\/lemco-mobility.com\/da\/#\/schema\/person\/5b174944ca10a7fd1a36f6fa00f45a4b","name":"Carsten Lemche","image":{"@type":"ImageObject","inLanguage":"da-DK","@id":"https:\/\/secure.gravatar.com\/avatar\/b243a41f9ce6583bd62f0b0c7aa323f3824a97d024a11f1463613199da7aa7c6?s=96&d=mm&r=g","url":"https:\/\/secure.gravatar.com\/avatar\/b243a41f9ce6583bd62f0b0c7aa323f3824a97d024a11f1463613199da7aa7c6?s=96&d=mm&r=g","contentUrl":"https:\/\/secure.gravatar.com\/avatar\/b243a41f9ce6583bd62f0b0c7aa323f3824a97d024a11f1463613199da7aa7c6?s=96&d=mm&r=g","caption":"Carsten Lemche"},"url":"https:\/\/lemco-mobility.com\/da\/author\/carsten-lemcomobility\/"}]}},"_links":{"self":[{"href":"https:\/\/lemco-mobility.com\/da\/wp-json\/wp\/v2\/posts\/29043","targetHints":{"allow":["GET"]}}],"collection":[{"href":"https:\/\/lemco-mobility.com\/da\/wp-json\/wp\/v2\/posts"}],"about":[{"href":"https:\/\/lemco-mobility.com\/da\/wp-json\/wp\/v2\/types\/post"}],"author":[{"embeddable":true,"href":"https:\/\/lemco-mobility.com\/da\/wp-json\/wp\/v2\/users\/2"}],"replies":[{"embeddable":true,"href":"https:\/\/lemco-mobility.com\/da\/wp-json\/wp\/v2\/comments?post=29043"}],"version-history":[{"count":1,"href":"https:\/\/lemco-mobility.com\/da\/wp-json\/wp\/v2\/posts\/29043\/revisions"}],"predecessor-version":[{"id":29047,"href":"https:\/\/lemco-mobility.com\/da\/wp-json\/wp\/v2\/posts\/29043\/revisions\/29047"}],"wp:featuredmedia":[{"embeddable":true,"href":"https:\/\/lemco-mobility.com\/da\/wp-json\/wp\/v2\/media\/29045"}],"wp:attachment":[{"href":"https:\/\/lemco-mobility.com\/da\/wp-json\/wp\/v2\/media?parent=29043"}],"wp:term":[{"taxonomy":"category","embeddable":true,"href":"https:\/\/lemco-mobility.com\/da\/wp-json\/wp\/v2\/categories?post=29043"},{"taxonomy":"post_tag","embeddable":true,"href":"https:\/\/lemco-mobility.com\/da\/wp-json\/wp\/v2\/tags?post=29043"}],"curies":[{"name":"wp","href":"https:\/\/api.w.org\/{rel}","templated":true}]}}