{"id":29076,"date":"2022-12-25T17:40:16","date_gmt":"2022-12-25T17:40:16","guid":{"rendered":"https:\/\/lemco-mobility.com\/forskning-i-fysisk-aktivitet-for-handicappede\/"},"modified":"2025-11-05T11:47:38","modified_gmt":"2025-11-05T11:47:38","slug":"forskning-i-fysisk-aktivitet-for-handicappede","status":"publish","type":"post","link":"https:\/\/lemco-mobility.com\/da\/forskning-i-fysisk-aktivitet-for-handicappede\/","title":{"rendered":"Forskning i fysisk aktivitet for handicappede"},"content":{"rendered":"\t\t<div data-elementor-type=\"wp-post\" data-elementor-id=\"29076\" class=\"elementor elementor-29076 elementor-17060\" data-elementor-post-type=\"post\">\n\t\t\t\t\t\t<section class=\"wd-negative-gap elementor-section elementor-top-section elementor-element elementor-element-699f3c15 elementor-section-height-min-height elementor-section-items-stretch elementor-section-stretched elementor-section-full_width elementor-section-height-default\" data-id=\"699f3c15\" data-element_type=\"section\" data-e-type=\"section\" data-settings=\"{&quot;background_background&quot;:&quot;video&quot;,&quot;stretch_section&quot;:&quot;section-stretched&quot;,&quot;background_video_start&quot;:20,&quot;background_video_end&quot;:30,&quot;shape_divider_bottom&quot;:&quot;curve&quot;,&quot;shape_divider_bottom_negative&quot;:&quot;yes&quot;,&quot;background_play_once&quot;:&quot;yes&quot;}\">\n\t\t\t\t\t<div class=\"elementor-shape elementor-shape-bottom\" aria-hidden=\"true\" data-negative=\"true\">\n\t\t\t<svg xmlns=\"http:\/\/www.w3.org\/2000\/svg\" viewBox=\"0 0 1000 100\" preserveAspectRatio=\"none\">\n\t<path class=\"elementor-shape-fill\" d=\"M500,97C126.7,96.3,0.8,19.8,0,0v100l1000,0V1C1000,19.4,873.3,97.8,500,97z\"\/>\n<\/svg>\t\t<\/div>\n\t\t\t\t\t<div class=\"elementor-container elementor-column-gap-custom\">\n\t\t\t\t\t<div class=\"elementor-column elementor-col-100 elementor-top-column elementor-element elementor-element-762afaff\" data-id=\"762afaff\" data-element_type=\"column\" data-e-type=\"column\">\n\t\t\t<div class=\"elementor-widget-wrap\">\n\t\t\t\t\t\t\t<\/div>\n\t\t<\/div>\n\t\t\t\t\t<\/div>\n\t\t<\/section>\n\t\t\t\t<section class=\"elementor-section elementor-top-section elementor-element elementor-element-6fb5e84 elementor-section-stretched elementor-section-boxed elementor-section-height-default elementor-section-height-default\" data-id=\"6fb5e84\" data-element_type=\"section\" data-e-type=\"section\" data-settings=\"{&quot;stretch_section&quot;:&quot;section-stretched&quot;,&quot;background_background&quot;:&quot;gradient&quot;}\">\n\t\t\t\t\t\t\t<div class=\"elementor-background-overlay\"><\/div>\n\t\t\t\t\t\t\t<div class=\"elementor-container elementor-column-gap-default\">\n\t\t\t\t\t<div class=\"elementor-column elementor-col-100 elementor-top-column elementor-element elementor-element-7821143\" data-id=\"7821143\" data-element_type=\"column\" data-e-type=\"column\">\n\t\t\t<div class=\"elementor-widget-wrap elementor-element-populated\">\n\t\t\t\t\t\t<div class=\"elementor-element elementor-element-237f882 elementor-widget elementor-widget-heading\" data-id=\"237f882\" data-element_type=\"widget\" data-e-type=\"widget\" data-widget_type=\"heading.default\">\n\t\t\t\t<div class=\"elementor-widget-container\">\n\t\t\t\t\t<h1 class=\"elementor-heading-title elementor-size-default\">Identificer forskellige barrierer og facilitatorer forbundet med deltagelse i fitness blandt personer med handicap. <\/h1>\t\t\t\t<\/div>\n\t\t\t\t<\/div>\n\t\t\t\t<div class=\"elementor-element elementor-element-d216b75 elementor-widget elementor-widget-heading\" data-id=\"d216b75\" data-element_type=\"widget\" data-e-type=\"widget\" data-widget_type=\"heading.default\">\n\t\t\t\t<div class=\"elementor-widget-container\">\n\t\t\t\t\t<h2 class=\"elementor-heading-title elementor-size-default\">Fokusgrupper blev gennemf\u00f8rt i ti regioner p\u00e5 tv\u00e6rs af USA i 2001 til 2002 med fire typer deltagere: Forbrugere med handicap, Arkitekter, Fitness- og fritidsprofessionelle, og byplanl\u00e6ggere og parkdistriktsledere. Sessionerne blev b\u00e5ndoptaget og indholdsanalyseret; <\/h2>\t\t\t\t<\/div>\n\t\t\t\t<\/div>\n\t\t\t\t<div class=\"elementor-element elementor-element-357357b elementor-widget-divider--view-line elementor-widget elementor-widget-divider\" data-id=\"357357b\" data-element_type=\"widget\" data-e-type=\"widget\" data-widget_type=\"divider.default\">\n\t\t\t\t<div class=\"elementor-widget-container\">\n\t\t\t\t\t\t\t<div class=\"elementor-divider\">\n\t\t\t<span class=\"elementor-divider-separator\">\n\t\t\t\t\t\t<\/span>\n\t\t<\/div>\n\t\t\t\t\t\t<\/div>\n\t\t\t\t<\/div>\n\t\t\t\t<div class=\"elementor-element elementor-element-6a99bac color-scheme-inherit text-left elementor-widget elementor-widget-text-editor\" data-id=\"6a99bac\" data-element_type=\"widget\" data-e-type=\"widget\" data-widget_type=\"text-editor.default\">\n\t\t\t\t<div class=\"elementor-widget-container\">\n\t\t\t\t\t\t\t\t\tForm\u00e5let med denne unders\u00f8gelse var at identificere forskellige barrierer og facilitatorer forbundet med deltagelse i fitness- og rekreationsprogrammer\/faciliteter blandt personer med handicap.\nFokusgrupper blev gennemf\u00f8rt i ti regioner p\u00e5 tv\u00e6rs af USA i 2001 til 2002 med fire typer deltagere: Forbrugere med handicap, Arkitekter, Fitness- og fritidsprofessionelle, og Byplanl\u00e6ggere og parkdistriktsledere. <br><br>Sessionerne blev b\u00e5ndoptaget og indholdsanalyseret; fokusgruppeledere tog noter om identificerede barrierer og facilitatorer for adgang.<br><br>Indholdsanalyse af b\u00e5ndoptagelser afsl\u00f8rede 178 barrierer og 130 facilitatorer. F\u00f8lgende temaer blev identificeret: \n<ol><li>barrierer og facilitatorer relateret til det byggede og naturlige milj\u00f8<\/li> <li>\u00f8konomiske sp\u00f8rgsm\u00e5l<\/li><li>F\u00f8lelsesm\u00e6ssige og psykologiske barrierer<\/li><li>Udstyrsm\u00e6ssige barrierer<\/li><li>Barrierer relateret til brug og fortolkning af retningslinjer, koder, regler og love<\/li><li>Informationsrelaterede barrierer<\/li><li>Professionel viden, uddannelse og tr\u00e6ningsproblemer<li>Opfattelser og holdninger hos personer, der ikke er handicappede, herunder professionelle <\/li><li>Politikker og procedurer b\u00e5de p\u00e5 facilitets- og samfundsniveau; og (10) tilg\u00e6ngelighed af ressourcer.\nGraden af deltagelse i fysisk aktivitet blandt mennesker med handicap p\u00e5virkes af et multifaktorielt s\u00e6t af barrierer og facilitatorer, der er unikke for denne population. Fremtidig forskning b\u00f8r udnytte denne information til at udvikle interventionsstrategier, der har st\u00f8rre sandsynlighed for succes. \t\t\t\t\t\t\t\t<\/div>\n\t\t\t\t<\/div>\n\t\t\t\t<div class=\"elementor-element elementor-element-0b8323d color-scheme-inherit text-left elementor-widget elementor-widget-text-editor\" data-id=\"0b8323d\" data-element_type=\"widget\" data-e-type=\"widget\" data-widget_type=\"text-editor.default\">\n\t\t\t\t<div class=\"elementor-widget-container\">\n\t\t\t\t\t\t\t\t\t<p><a href=\"https:\/\/www.researchgate.net\/publication\/8540158_Physical_activity_participation_among_persons_with_disabilities_Barriers_and_facilitators\/link\/59e377b00f7e9b97fbeafb91\/download\" target=\"_blank\" rel=\"noopener\"><span style=\"text-decoration: underline;\"><strong>Download hele dokumentet her<\/strong><\/span><\/a><\/p>\t\t\t\t\t\t\t\t<\/div>\n\t\t\t\t<\/div>\n\t\t\t\t<div class=\"elementor-element elementor-element-5fec22f elementor-widget elementor-widget-toggle\" data-id=\"5fec22f\" data-element_type=\"widget\" data-e-type=\"widget\" data-widget_type=\"toggle.default\">\n\t\t\t\t<div class=\"elementor-widget-container\">\n\t\t\t\t\t\t\t<div class=\"elementor-toggle\">\n\t\t\t\t\t\t\t<div class=\"elementor-toggle-item\">\n\t\t\t\t\t<div id=\"elementor-tab-title-1001\" class=\"elementor-tab-title\" data-tab=\"1\" role=\"button\" aria-controls=\"elementor-tab-content-1001\" aria-expanded=\"false\">\n\t\t\t\t\t\t\t\t\t\t\t\t<span class=\"elementor-toggle-icon elementor-toggle-icon-left\" aria-hidden=\"true\">\n\t\t\t\t\t\t\t\t\t\t\t\t\t\t\t<span class=\"elementor-toggle-icon-closed\"><svg class=\"e-font-icon-svg e-fas-caret-right\" viewBox=\"0 0 192 512\" xmlns=\"http:\/\/www.w3.org\/2000\/svg\"><path d=\"M0 384.662V127.338c0-17.818 21.543-26.741 34.142-14.142l128.662 128.662c7.81 7.81 7.81 20.474 0 28.284L34.142 398.804C21.543 411.404 0 402.48 0 384.662z\"><\/path><\/svg><\/span>\n\t\t\t\t\t\t\t\t<span class=\"elementor-toggle-icon-opened\"><svg class=\"elementor-toggle-icon-opened e-font-icon-svg e-fas-caret-up\" viewBox=\"0 0 320 512\" xmlns=\"http:\/\/www.w3.org\/2000\/svg\"><path d=\"M288.662 352H31.338c-17.818 0-26.741-21.543-14.142-34.142l128.662-128.662c7.81-7.81 20.474-7.81 28.284 0l128.662 128.662c12.6 12.599 3.676 34.142-14.142 34.142z\"><\/path><\/svg><\/span>\n\t\t\t\t\t\t\t\t\t\t\t\t\t<\/span>\n\t\t\t\t\t\t\t\t\t\t\t\t<a class=\"elementor-toggle-title\" tabindex=\"0\">Liste over referencer<\/a>\n\t\t\t\t\t<\/div>\n\n\t\t\t\t\t<div id=\"elementor-tab-content-1001\" class=\"elementor-tab-content elementor-clearfix\" data-tab=\"1\" role=\"region\" aria-labelledby=\"elementor-tab-title-1001\"><p>1. Ravesloot C, Seekins T, Young Q. Sundhedsfremme for mennesker med<br \/>\nkronisk sygdom og fysiske handicap: forbindelsen mellem sundheds<br \/>\npsykologi og handicapforebyggelse. Clin Psychol Psychother 1998;5:76\u2013<br \/>\n85. <\/p>\n<p>2. Rimmer JH. Sundhedsfremme for personer med handicap. Behovet<br \/>\nfor en overgangsmodel i servicelevering. Dis Manage Health Outcomes<br \/>\n2002;10:337\u201343.   <\/p>\n<p>3. Simeonsson RJ, McDevitt LN, red. Sp\u00f8rgsm\u00e5l om handicap og sundhed: rollen for<br \/>\nsekund\u00e6re tilstande og livskvalitet. Chapel Hill: North Carolina Kontor<br \/>\nfor Handicap og Sundhed, 1999.  <\/p>\n<p>4. Heath GW, Fentem PH. Fysisk aktivitet blandt personer med handicap\u2014et<br \/>\nfolkesundhedsperspektiv. Exerc Sport Sci Rev 1997;25:195\u2013234. <\/p>\n<p>5. National Handicapr\u00e5d. Vildmarksadgang for mennesker med<br \/>\nhandicap: en rapport til pr\u00e6sidenten og kongressen i USA<br \/>\nom afsnit 507 (a) i Americans with Disabilities Act. Washington DC:<br \/>\nNational Handicapr\u00e5d, 1992.  <\/p>\n<p>6. Rimmer JH. Sundhedsfremme for mennesker med handicap: det fremspirende<br \/>\nparadigmeskift fra handicapforebyggelse til forebyggelse af sekund\u00e6re<br \/>\ntilstande. Phys Ther 1999;79:495\u2013502.  <\/p>\n<p>7. Rimmer JH, Braddock D. Fysisk aktivitet, handicap og kardiovaskul\u00e6r<br \/>\nsundhed. I: Leon AS, red. Fysisk aktivitet og kardiovaskul\u00e6r sundhed: en<x id=\"gid_1\"><\/x>national konsensus. Champaign IL: Human Kinetics, 1997:236\u201344.   <\/p>\n<p>8. U.S. Department of Health and Human Services. Healthy people 2010.<br \/>\nKonferenceudgave, bind.  2. Washington DC: U.S. Department of Health<br \/>\nand Human Services, 2000.<\/p>\n<p>9. U.S. Department of Health and Human Services. Fysisk aktivitet og<br \/>\nsundhed: en rapport fra Surgeon General. Atlanta GA: U.S. Department of<br \/>\nHealth and Human Services, Centers for Disease Control and Prevention,<br \/>\nNational Center for Chronic Disease Prevention and Health Promotion,<br \/>\n1996.  <\/p>\n<p>10. Dunn AL, Andersen RE, Jackicic JM. Livsstils fysisk aktivitets interven-<br \/>\ntioner: historie, kort- og langsigtede effekter og anbefalinger. Am J<br \/>\nPrev Med 1998;15:398\u2013412.  <\/p>\n<p>11. Humpel N, Owen N, Leslie E. Milj\u00f8m\u00e6ssige faktorer forbundet med voksnes<br \/>\ndeltagelse i fysisk aktivitet. Am J Prev Med 2002;22:188\u201399. <\/p>\n<p>12. Kinne S, Patrick DL, Maher EJ. Korrelater for opretholdelse af motion blandt<br \/>\nmennesker med mobilitetsbegr\u00e6nsninger. Disabil &amp; Rehabil 1999;21:15\u201322.  <\/p>\n<p>13. Sallis JF, Johnson MF, Calfas KJ, Caparosa S, Nichols JF. Vurdering af opfattede<br \/>\nfysiske milj\u00f8variabler, der kan p\u00e5virke fysisk aktivitet. Res Q<br \/>\nExerc Sport 1997;68:345\u201351.  <\/p>\n<p>14. King AC, Stokols D, Talen E, Brassington GS, Killingsworth R. Teoretiske<br \/>\ntilgange til fremme af fysisk aktivitet: skabelse af et tv\u00e6rfagligt<br \/>\nparadigme. Am J Prev Med 2002;23(suppl 2) <\/p>\n<p>15. Meyers AR, Anderson JJ, Miller DR, Shipp K, Hoenig H. Barrierer, facilita-<br \/>\ntorer og adgang for k\u00f8restolsbrugere: substantielle og metodologiske lektioner<br \/>\nfra en pilotstudie af milj\u00f8m\u00e6ssige effekter. Soc Sci Med 2002;55:1435\u201346. <\/p>\n<p>16. Rimmer JH, Rubin SS, Braddock D. Barrierer for motion hos afroamerikanske<br \/>\nkvinder med fysiske handicap. Arch Phys Med Rehabil 2000;<br \/>\n81:182\u20138. <\/p>\n<p>17. U.S. Access Board. Americans with Disabilities Act tilg\u00e6ngelighedsretningslinjer<x id=\"gid_0\"><\/x>for bygninger og faciliteter: rekreative faciliteter. Tilg\u00e6ngelig p\u00e5: www.access-<br \/>\nboard.gov\/recreation\/\ufb01nal.htm. Tilg\u00e5et 22. marts 2004.   <\/p>\n<p>18. U.S. Department of Justice. Americans with Disabilities Act Titel III.<x id=\"gid_0\"><\/x>Tilg\u00e6ngelig p\u00e5: www.usdoj.gov\/crt\/ada\/publicat.htm. Tilg\u00e5et 22. marts,<br \/>\n2004.  <\/p>\n<p>19. Figoni SF, McClain L, Bell AA, Degnan JM, Norbury NE, Rettele RR.<br \/>\nTilg\u00e6ngelighed af fysiske fitnessfaciliteter i Kansas City-storbyomr\u00e5det<br \/>\n. Top Spinal Cord Inj Rehabil 1998;3:66\u201378. <\/p>\n<p>20. Nary DE, Froehlich AK, White GW. Tilg\u00e6ngelighed af fitnessfaciliteter for<x id=\"gid_0\"><\/x>personer med fysiske handicap, der bruger k\u00f8restole. Top Spinal Cord Inj<br \/>\nRehabil 2000;6:87\u201398.  <\/p>\n<p>21. Cardinal BJ, Spaziani MD. ADA-overholdelse og tilg\u00e6ngelighed af fysiske<br \/>\naktivitetsfaciliteter i det vestlige Oregon. Am J Health Promot 2003;17:197\u2013201.  <\/p>\n<p>22. Neuberger GR, Kasal S, Smith KV, Hassanein R, Deviney S. Determinanter for<br \/>\nmotion og aerob fitness hos ambulante patienter med gigt. Nurs Res 1994;43:<br \/>\n11\u201318. <\/p>\n<p>23. Kruger RA. Analyse og rapportering af fokusgrupperesultater. Thousand Oaks<br \/>\nCA: Sage Publications, 1998.  <\/p>\n<p>24. Dunn AL, Andersen RE, Jakicic JM. Livsstils fysisk aktivitets interventioner:<br \/>\nhistorie, kort- og langsigtede effekter og anbefalinger. Am J Prev<br \/>\nMed 1998;15:398\u2013412.  <\/p>\n<p>25. Giles-Corti B, Donovan RJ. Socio\u00f8konomiske statusforskelle i rekrea-<br \/>\ntionelle fysiske aktivitetsniveauer og reel og opfattet adgang til et st\u00f8ttende<br \/>\nfysisk milj\u00f8. Prev Med 2002;35:601\u201311.  <\/p>\n<p>26. Bauman AE, Sallis JF, Dzewaltowski DA, Owen N. Mod en bedre for-<br \/>\nst\u00e5else af indflydelserne p\u00e5 fysisk aktivitet: rollen for determinanter,<br \/>\nkorrelater, kausale variabler, mediatorer, moderatorer og confoundere. Am J<br \/>\nPrev Med 2002;23:5\u201314. <\/p>\n<p>27. Carnegie MA, Bauman A, Marshall AL, Mohsin M, Westley-Wise V, Booth<br \/>\nML. Opfattelser af det fysiske milj\u00f8, stadie for \u00e6ndring af fysisk<x id=\"gid_1\"><\/x>aktivitet og gang blandt australske voksne. Res Q Exerc Sport 2002;73:<br \/>\n146\u201355.  <\/p>\n<p>28. Giles-Corti B, Donovan RJ. Den relative indflydelse af individuelle, sociale og<x id=\"gid_0\"><\/x>fysiske milj\u00f8determinanter for fysisk aktivitet. Soc Sci Med<br \/>\n2002;54:1793\u2013812.  <\/p>\n<p>29. Sallis JF, Kraft K, Linton LS. Hvordan milj\u00f8et former fysisk aktivitet:<x id=\"gid_0\"><\/x>en tv\u00e6rfaglig forskningsdagsorden. Am J Prev Med 2002;22:208.  <\/p>\n<p>30. Kahn EB, Ramsey LT, Brownson RC, Heath GW, Howze EH, Powell KE.<br \/>\nEffektiviteten af interventioner til at \u00f8ge fysisk aktivitet: en systematisk<br \/>\ngennemgang. Am J Prev Med 2002;22:73\u2013107. <\/p>\n<p>31. Satariano WA, McAuley E. Fremme af fysisk aktivitet blandt \u00e6ldre voksne:<br \/>\nfra \u00f8kologi til individet. Am J Prev Med 2003;25:184\u201392. <\/p>\n<\/div>\n\t\t\t\t<\/div>\n\t\t\t\t\t\t\t\t<\/div>\n\t\t\t\t\t\t<\/div>\n\t\t\t\t<\/div>\n\t\t\t\t\t<\/div>\n\t\t<\/div>\n\t\t\t\t\t<\/div>\n\t\t<\/section>\n\t\t\t\t<section class=\"elementor-section elementor-top-section elementor-element elementor-element-2f5034ae elementor-section-stretched elementor-section-boxed elementor-section-height-default elementor-section-height-default\" data-id=\"2f5034ae\" data-element_type=\"section\" data-e-type=\"section\" data-settings=\"{&quot;stretch_section&quot;:&quot;section-stretched&quot;,&quot;background_background&quot;:&quot;gradient&quot;}\">\n\t\t\t\t\t\t<div class=\"elementor-container elementor-column-gap-default\">\n\t\t\t\t\t<div class=\"elementor-column elementor-col-100 elementor-top-column elementor-element elementor-element-543ea263\" data-id=\"543ea263\" data-element_type=\"column\" data-e-type=\"column\">\n\t\t\t<div class=\"elementor-widget-wrap elementor-element-populated\">\n\t\t\t\t\t\t<div class=\"elementor-element elementor-element-275ea6a7 elementor-widget-divider--view-line_text elementor-widget-divider--element-align-center elementor-widget elementor-widget-divider\" data-id=\"275ea6a7\" data-element_type=\"widget\" data-e-type=\"widget\" data-widget_type=\"divider.default\">\n\t\t\t\t<div class=\"elementor-widget-container\">\n\t\t\t\t\t\t\t<div class=\"elementor-divider\">\n\t\t\t<span class=\"elementor-divider-separator\">\n\t\t\t\t\t\t\t<span class=\"elementor-divider__text elementor-divider__element\">\n\t\t\t\tRelaterede cases\t\t\t\t<\/span>\n\t\t\t\t\t\t<\/span>\n\t\t<\/div>\n\t\t\t\t\t\t<\/div>\n\t\t\t\t<\/div>\n\t\t\t\t<div class=\"elementor-element elementor-element-3b17db7f uael-post__news-stack-no elementor-widget elementor-widget-uael-posts\" data-id=\"3b17db7f\" data-element_type=\"widget\" data-e-type=\"widget\" data-settings=\"{&quot;news_slides_to_show&quot;:1,&quot;news_slides_to_show_tablet&quot;:2,&quot;news_slides_to_show_mobile&quot;:1,&quot;news_pagination_type&quot;:&quot;ajax&quot;}\" data-widget_type=\"uael-posts.news\">\n\t\t\t\t<div class=\"elementor-widget-container\">\n\t\t\t\t\t\t\t<div class=\"uael-post__header\">\n\t\t\t\t\t<\/div>\n\t\t<div class=\"uael-post__body\">\n\t\t\t\n\t\t<div class=\"uael-post-image-left uael-post-grid uael-posts uael-post_structure-featured uael-featured_post_structure-\" data-query-type=\"custom\" data-structure=\"featured\" data-layout=\"\" data-page=\"0\" data-skin=\"news\" data-filter-default=\"\" data-offset-top=\"30\" >\n\n\t\t\t\n\n<div class=\"uael-post-wrapper   uael-post-wrapper-featured hjemmebrug paraplegi sygdomme-&amp;-skader \">\n\t<div class=\"uael-post__bg-wrap\">\n\t\t\n\t\t\n\t\t<div class=\"uael-post__inner-wrap\">\n\n\t\t\t\t<div class=\"uael-post__thumbnail\">\n\t\t\t<a target=\"_self\" href=\"https:\/\/lemco-mobility.com\/da\/rygmarvsskade-motorisk-versus-aktiv\/\" title=\"Rygmarvsskade &#8211; motorisk versus aktiv\" style=\"background-image: url(&#039;https:\/\/lemco-mobility.com\/wp-content\/uploads\/2023\/12\/wheelchair-exercise.webp&#039;);\">\n\t\t\t\t\t\t\t\t<\/a>\n\t\t<\/div>\n\t\t\n\t\t\t\n\t\t\t<div class=\"uael-post__content-wrap \">\n\t\t\t\t<div class=\"uael-post__terms-wrap\">\n\t\t\t\t\t<span class=\"uael-post__terms\"><span class=\"uael-listing__terms-link\">Hjemmebrug<\/span><\/span>\t\t\t\t<\/div>\n\t\t\t\t\t<h5 class=\"uael-post__title\">\n\n\t\t\n\t\t\t\t\t\t<a href=\"https:\/\/lemco-mobility.com\/da\/rygmarvsskade-motorisk-versus-aktiv\/\" target=\"_self\">\n\t\t\t\tRygmarvsskade &#8211; motorisk versus aktiv\t\t\t<\/a>\n\n\t\t\t\t<\/h5>\n\t\t\n\t\t<div class=\"uael-post__meta-data\">\n\n\t\t\n\t\t<\/div>\n\n\t\t\t\t<div class=\"uael-post__excerpt\">\n\t\t\t<p>Aktiv tr\u00e6ning giver mere betydelige fysiske og mentale fordele, forebygger fedme, muskelatrofi og hjerte-kar-sygdomme, samtidig med at det forbedrer uafh\u00e6ngighed og selvv\u00e6rd.<\/p>\n\t\t<\/div>\n\t\t\t\t\t<a class=\"uael-post__read-more elementor-button\" href=\"https:\/\/lemco-mobility.com\/da\/rygmarvsskade-motorisk-versus-aktiv\/\" target=\"_self\" aria-labelledby=\"uael-post-29056\">\n\t\t\t\t\t<span class=\"elementor-button-content-wrapper\">\n\t\t\t\t\t\t\t\t\t\t\t\t\t\t<span class=\"elementor-button-icon elementor-align-icon-left\">\n\n\t\t\t\t\t\t\t\t\t\n\t\t\t\t\t\t\t\t<\/span>\n\t\t\t\t\t\t\t\t\t\t\t\t\t\n\t\t\t\t\t\t<span class=\"elementor-button-text\" id=uael-post-29056>L\u00e6s mere \u2192<\/span>\n\t\t\t\t\t<\/span>\n\t\t\t\t<\/a>\n\t\t\t\t\t\t<\/div>\n\t\t\t\n\t\t<\/div>\n\t\t\n\t<\/div>\n\n<\/div>\n\n\t\t\t\t\t\t<div class=\"uael-post-grid__inner uael-post__columns-1 uael-post__columns-tablet-2 uael-post__columns-mobile-1\">\n\t\t\t\n\n<div class=\"uael-post-wrapper   hjemmebrug paraplegi sygdomme-&amp;-skader \">\n\t<div class=\"uael-post__bg-wrap\">\n\t\t\n\t\t\n\t\t<div class=\"uael-post__inner-wrap\">\n\n\t\t\t\t<div class=\"uael-post__thumbnail\">\n\t\t\t<a target=\"_self\" href=\"https:\/\/lemco-mobility.com\/da\/ufuldstaendig-tetraplegi\/\" title=\"Ufuldst\u00e6ndig tetraplegi\" style=\"background-image: url(&#039;https:\/\/lemco-mobility.com\/wp-content\/uploads\/2023\/11\/incomplete-Quadriplegia-exercise-768x434.jpg&#039;);\">\n\t\t\t\t\t\t\t\t<\/a>\n\t\t<\/div>\n\t\t\n\t\t\t\n\t\t\t<div class=\"uael-post__content-wrap \">\n\t\t\t\t<div class=\"uael-post__terms-wrap\">\n\t\t\t\t\t<span class=\"uael-post__terms\"><span class=\"uael-listing__terms-link\">Hjemmebrug<\/span><\/span>\t\t\t\t<\/div>\n\t\t\t\t\t<h5 class=\"uael-post__title\">\n\n\t\t\n\t\t\t\t\t\t<a href=\"https:\/\/lemco-mobility.com\/da\/ufuldstaendig-tetraplegi\/\" target=\"_self\">\n\t\t\t\tUfuldst\u00e6ndig tetraplegi\t\t\t<\/a>\n\n\t\t\t\t<\/h5>\n\t\t\t\t\t<div class=\"uael-post__meta-data\">\n\t\t\t\t\t<\/div>\n\t\t\n\t\t<div class=\"uael-post__excerpt\">\n\t\t\tUfuldst\u00e6ndig tetraplegi og personer med tetraplegi kan nu tr\u00e6ne fra k\u00f8restolen og bev\u00e6ge deres ben med en let indsats fra armene p\u00e5 grund af BEAT-teknologien, ...\t\t<\/div>\n\n\t\t\t\t\t<a class=\"uael-post__read-more elementor-button\" href=\"https:\/\/lemco-mobility.com\/da\/ufuldstaendig-tetraplegi\/\" target=\"_self\" aria-labelledby=\"uael-post-29062\">\n\t\t\t\t\t<span class=\"elementor-button-content-wrapper\">\n\t\t\t\t\t\t\t\t\t\t\t\t\t\t<span class=\"elementor-button-icon elementor-align-icon-left\">\n\n\t\t\t\t\t\t\t\t\t\n\t\t\t\t\t\t\t\t<\/span>\n\t\t\t\t\t\t\t\t\t\t\t\t\t\n\t\t\t\t\t\t<span class=\"elementor-button-text\" id=uael-post-29062>L\u00e6s mere \u2192<\/span>\n\t\t\t\t\t<\/span>\n\t\t\t\t<\/a>\n\t\t\t\t\t\t<\/div>\n\t\t\t\n\t\t<\/div>\n\t\t\n\t<\/div>\n\n<\/div>\n\n\n<div class=\"uael-post-wrapper   hjemmebrug multipel-sklerose-ms sygdomme-&amp;-skader \">\n\t<div class=\"uael-post__bg-wrap\">\n\t\t\n\t\t\n\t\t<div class=\"uael-post__inner-wrap\">\n\n\t\t\t\t<div class=\"uael-post__thumbnail\">\n\t\t\t<a target=\"_self\" href=\"https:\/\/lemco-mobility.com\/da\/daglig-traening-derhjemme-holder-anders-i-form-trods-sklerose\/\" title=\"Daglig tr\u00e6ning derhjemme holder Anders i form trods sklerose\" style=\"background-image: url(&#039;https:\/\/lemco-mobility.com\/wp-content\/uploads\/2022\/11\/sclerosis-thumb-768x828.jpg&#039;);\">\n\t\t\t\t\t\t\t\t<\/a>\n\t\t<\/div>\n\t\t\n\t\t\t\n\t\t\t<div class=\"uael-post__content-wrap \">\n\t\t\t\t<div class=\"uael-post__terms-wrap\">\n\t\t\t\t\t<span class=\"uael-post__terms\"><span class=\"uael-listing__terms-link\">Hjemmebrug<\/span><\/span>\t\t\t\t<\/div>\n\t\t\t\t\t<h5 class=\"uael-post__title\">\n\n\t\t\n\t\t\t\t\t\t<a href=\"https:\/\/lemco-mobility.com\/da\/daglig-traening-derhjemme-holder-anders-i-form-trods-sklerose\/\" target=\"_self\">\n\t\t\t\tDaglig tr\u00e6ning derhjemme holder Anders i form trods sklerose\t\t\t<\/a>\n\n\t\t\t\t<\/h5>\n\t\t\t\t\t<div class=\"uael-post__meta-data\">\n\t\t\t\t\t<\/div>\n\t\t\n\t\t<div class=\"uael-post__excerpt\">\n\t\t\tAnders Bonde Jensen tr\u00e6ner med Combi Bike Plus tr\u00e6ningscykel p\u00e5 trods af, at han ikke kan g\u00e5 p\u00e5 grund af sclerose. Han bruger den siddende ...\t\t<\/div>\n\n\t\t\t\t\t<a class=\"uael-post__read-more elementor-button\" href=\"https:\/\/lemco-mobility.com\/da\/daglig-traening-derhjemme-holder-anders-i-form-trods-sklerose\/\" target=\"_self\" aria-labelledby=\"uael-post-29118\">\n\t\t\t\t\t<span class=\"elementor-button-content-wrapper\">\n\t\t\t\t\t\t\t\t\t\t\t\t\t\t<span class=\"elementor-button-icon elementor-align-icon-left\">\n\n\t\t\t\t\t\t\t\t\t\n\t\t\t\t\t\t\t\t<\/span>\n\t\t\t\t\t\t\t\t\t\t\t\t\t\n\t\t\t\t\t\t<span class=\"elementor-button-text\" id=uael-post-29118>L\u00e6s mere \u2192<\/span>\n\t\t\t\t\t<\/span>\n\t\t\t\t<\/a>\n\t\t\t\t\t\t<\/div>\n\t\t\t\n\t\t<\/div>\n\t\t\n\t<\/div>\n\n<\/div>\n\n\n<div class=\"uael-post-wrapper   parkinsons-sygdom sygdomme-&amp;-skader \">\n\t<div class=\"uael-post__bg-wrap\">\n\t\t\n\t\t\n\t\t<div class=\"uael-post__inner-wrap\">\n\n\t\t\t\t<div class=\"uael-post__thumbnail\">\n\t\t\t<a target=\"_self\" href=\"https:\/\/lemco-mobility.com\/da\/parkinsons-og-spinal-stenose-daglig-traening-oeger-min-mobilitet\/\" title=\"Parkinsons og spinal stenose &#8211; daglig tr\u00e6ning \u00f8ger min mobilitet\" style=\"background-image: url(&#039;https:\/\/lemco-mobility.com\/wp-content\/uploads\/2022\/11\/combi-bike-plus-exerciser-parkinsons-thumbnail-768x730.webp&#039;);\">\n\t\t\t\t\t\t\t\t<\/a>\n\t\t<\/div>\n\t\t\n\t\t\t\n\t\t\t<div class=\"uael-post__content-wrap \">\n\t\t\t\t<div class=\"uael-post__terms-wrap\">\n\t\t\t\t\t<span class=\"uael-post__terms\"><span class=\"uael-listing__terms-link\">Parkinsons sygdom<\/span><\/span>\t\t\t\t<\/div>\n\t\t\t\t\t<h5 class=\"uael-post__title\">\n\n\t\t\n\t\t\t\t\t\t<a href=\"https:\/\/lemco-mobility.com\/da\/parkinsons-og-spinal-stenose-daglig-traening-oeger-min-mobilitet\/\" target=\"_self\">\n\t\t\t\tParkinsons og spinal stenose &#8211; daglig tr\u00e6ning \u00f8ger min mobilitet\t\t\t<\/a>\n\n\t\t\t\t<\/h5>\n\t\t\t\t\t<div class=\"uael-post__meta-data\">\n\t\t\t\t\t<\/div>\n\t\t\n\t\t<div class=\"uael-post__excerpt\">\n\t\t\tClaus Christian Gulmann, som har Parkinsons sygdom og spinal stenose, tr\u00e6ner mindst 30 minutter hver dag med sin Combi Bike Plus. Som resultat er hans ...\t\t<\/div>\n\n\t\t\t\t\t<a class=\"uael-post__read-more elementor-button\" href=\"https:\/\/lemco-mobility.com\/da\/parkinsons-og-spinal-stenose-daglig-traening-oeger-min-mobilitet\/\" target=\"_self\" aria-labelledby=\"uael-post-29140\">\n\t\t\t\t\t<span class=\"elementor-button-content-wrapper\">\n\t\t\t\t\t\t\t\t\t\t\t\t\t\t<span class=\"elementor-button-icon elementor-align-icon-left\">\n\n\t\t\t\t\t\t\t\t\t\n\t\t\t\t\t\t\t\t<\/span>\n\t\t\t\t\t\t\t\t\t\t\t\t\t\n\t\t\t\t\t\t<span class=\"elementor-button-text\" id=uael-post-29140>L\u00e6s mere \u2192<\/span>\n\t\t\t\t\t<\/span>\n\t\t\t\t<\/a>\n\t\t\t\t\t\t<\/div>\n\t\t\t\n\t\t<\/div>\n\t\t\n\t<\/div>\n\n<\/div>\n\t\t\t\t<\/div>\n\t\t\t\n\t\t<\/div>\n\t\t\t\t<\/div>\n\t\t<div class=\"uael-post__footer\">\n\t\t\t\t\t\t<nav class=\"uael-grid-pagination\"  role=\"navigation\" aria-label=\"Pagination\">\n\t\t\t\t<span aria-current=\"page\" class=\"page-numbers current\">1<\/span>\n<a class=\"page-numbers\" href=\"https:\/\/lemco-mobility.com\/da\/wp-json\/wp\/v2\/posts\/29076\/page\/2\/\">2<\/a>\n<a class=\"page-numbers\" href=\"https:\/\/lemco-mobility.com\/da\/wp-json\/wp\/v2\/posts\/29076\/page\/3\/\">3<\/a>\n<a class=\"page-numbers\" href=\"https:\/\/lemco-mobility.com\/da\/wp-json\/wp\/v2\/posts\/29076\/page\/4\/\">4<\/a>\n<a class=\"next page-numbers\" href=\"https:\/\/lemco-mobility.com\/da\/wp-json\/wp\/v2\/posts\/29076\/page\/2\/\">N\u00e6ste &raquo;<\/a>\t\t\t<\/nav>\n\t\t\t\t\t<\/div>\n\t\t\t\t\t\t<\/div>\n\t\t\t\t<\/div>\n\t\t\t\t\t<\/div>\n\t\t<\/div>\n\t\t\t\t\t<\/div>\n\t\t<\/section>\n\t\t\t\t<\/div>\n\t\t","protected":false},"excerpt":{"rendered":"<p>Identificer forskellige barrierer og facilitatorer forbundet med deltagelse i fitness blandt personer med handicap. Fokusgrupper blev gennemf\u00f8rt i ti regioner<\/p>\n","protected":false},"author":2,"featured_media":29083,"comment_status":"closed","ping_status":"open","sticky":false,"template":"elementor_header_footer","format":"standard","meta":{"content-type":"","footnotes":""},"categories":[293],"tags":[],"class_list":["post-29076","post","type-post","status-publish","format-standard","has-post-thumbnail","hentry","category-sygdomme"],"yoast_head":"<!-- This site is optimized with the Yoast SEO Premium plugin v27.5 (Yoast SEO v27.5) - https:\/\/yoast.com\/product\/yoast-seo-premium-wordpress\/ -->\n<title>Forskning i fysisk aktivitet for handicappede - LEMCO Mobility<\/title>\n<meta name=\"description\" content=\"Identificer forskellige barrierer og facilitatorer forbundet med deltagelse i fitness blandt personer med handicap.\" \/>\n<meta name=\"robots\" content=\"index, follow, max-snippet:-1, max-image-preview:large, max-video-preview:-1\" \/>\n<link rel=\"canonical\" href=\"https:\/\/lemco-mobility.com\/da\/forskning-i-fysisk-aktivitet-for-handicappede\/\" \/>\n<meta property=\"og:locale\" content=\"da_DK\" \/>\n<meta property=\"og:type\" content=\"article\" \/>\n<meta property=\"og:title\" content=\"Forskning i fysisk aktivitet for handicappede\" \/>\n<meta property=\"og:description\" content=\"Identificer forskellige barrierer og facilitatorer forbundet med deltagelse i fitness blandt personer med handicap.\" \/>\n<meta property=\"og:url\" content=\"https:\/\/lemco-mobility.com\/da\/forskning-i-fysisk-aktivitet-for-handicappede\/\" \/>\n<meta property=\"og:site_name\" content=\"LEMCO Mobility\" \/>\n<meta property=\"article:publisher\" content=\"https:\/\/www.facebook.com\/lemcomobility\" \/>\n<meta property=\"article:published_time\" content=\"2022-12-25T17:40:16+00:00\" \/>\n<meta property=\"article:modified_time\" content=\"2025-11-05T11:47:38+00:00\" \/>\n<meta property=\"og:image\" content=\"https:\/\/lemco-mobility.com\/wp-content\/uploads\/2022\/12\/Physical-Activity-Participation-Among-Persons-with-Disabilities.webp\" \/>\n\t<meta property=\"og:image:width\" content=\"700\" \/>\n\t<meta property=\"og:image:height\" content=\"494\" \/>\n\t<meta property=\"og:image:type\" content=\"image\/webp\" \/>\n<meta name=\"author\" content=\"Carsten Lemche\" \/>\n<meta name=\"twitter:card\" content=\"summary_large_image\" \/>\n<meta name=\"twitter:label1\" content=\"Skrevet af\" \/>\n\t<meta name=\"twitter:data1\" content=\"Carsten Lemche\" \/>\n\t<meta name=\"twitter:label2\" content=\"Estimeret l\u00e6setid\" \/>\n\t<meta name=\"twitter:data2\" content=\"6 minutter\" \/>\n<script type=\"application\/ld+json\" class=\"yoast-schema-graph\">{\"@context\":\"https:\\\/\\\/schema.org\",\"@graph\":[{\"@type\":\"Article\",\"@id\":\"https:\\\/\\\/lemco-mobility.com\\\/da\\\/forskning-i-fysisk-aktivitet-for-handicappede\\\/#article\",\"isPartOf\":{\"@id\":\"https:\\\/\\\/lemco-mobility.com\\\/da\\\/forskning-i-fysisk-aktivitet-for-handicappede\\\/\"},\"author\":{\"name\":\"Carsten Lemche\",\"@id\":\"https:\\\/\\\/lemco-mobility.com\\\/da\\\/#\\\/schema\\\/person\\\/5b174944ca10a7fd1a36f6fa00f45a4b\"},\"headline\":\"Forskning i fysisk aktivitet for handicappede\",\"datePublished\":\"2022-12-25T17:40:16+00:00\",\"dateModified\":\"2025-11-05T11:47:38+00:00\",\"mainEntityOfPage\":{\"@id\":\"https:\\\/\\\/lemco-mobility.com\\\/da\\\/forskning-i-fysisk-aktivitet-for-handicappede\\\/\"},\"wordCount\":1161,\"publisher\":{\"@id\":\"https:\\\/\\\/lemco-mobility.com\\\/da\\\/#organization\"},\"image\":{\"@id\":\"https:\\\/\\\/lemco-mobility.com\\\/da\\\/forskning-i-fysisk-aktivitet-for-handicappede\\\/#primaryimage\"},\"thumbnailUrl\":\"https:\\\/\\\/lemco-mobility.com\\\/wp-content\\\/uploads\\\/2022\\\/12\\\/Physical-Activity-Participation-Among-Persons-with-Disabilities.webp\",\"articleSection\":[\"Sygdomme\"],\"inLanguage\":\"da-DK\"},{\"@type\":\"WebPage\",\"@id\":\"https:\\\/\\\/lemco-mobility.com\\\/da\\\/forskning-i-fysisk-aktivitet-for-handicappede\\\/\",\"url\":\"https:\\\/\\\/lemco-mobility.com\\\/da\\\/forskning-i-fysisk-aktivitet-for-handicappede\\\/\",\"name\":\"Forskning i fysisk aktivitet for handicappede - LEMCO Mobility\",\"isPartOf\":{\"@id\":\"https:\\\/\\\/lemco-mobility.com\\\/da\\\/#website\"},\"primaryImageOfPage\":{\"@id\":\"https:\\\/\\\/lemco-mobility.com\\\/da\\\/forskning-i-fysisk-aktivitet-for-handicappede\\\/#primaryimage\"},\"image\":{\"@id\":\"https:\\\/\\\/lemco-mobility.com\\\/da\\\/forskning-i-fysisk-aktivitet-for-handicappede\\\/#primaryimage\"},\"thumbnailUrl\":\"https:\\\/\\\/lemco-mobility.com\\\/wp-content\\\/uploads\\\/2022\\\/12\\\/Physical-Activity-Participation-Among-Persons-with-Disabilities.webp\",\"datePublished\":\"2022-12-25T17:40:16+00:00\",\"dateModified\":\"2025-11-05T11:47:38+00:00\",\"description\":\"Identificer forskellige barrierer og facilitatorer forbundet med deltagelse i fitness blandt personer med handicap.\",\"breadcrumb\":{\"@id\":\"https:\\\/\\\/lemco-mobility.com\\\/da\\\/forskning-i-fysisk-aktivitet-for-handicappede\\\/#breadcrumb\"},\"inLanguage\":\"da-DK\",\"potentialAction\":[{\"@type\":\"ReadAction\",\"target\":[\"https:\\\/\\\/lemco-mobility.com\\\/da\\\/forskning-i-fysisk-aktivitet-for-handicappede\\\/\"]}]},{\"@type\":\"ImageObject\",\"inLanguage\":\"da-DK\",\"@id\":\"https:\\\/\\\/lemco-mobility.com\\\/da\\\/forskning-i-fysisk-aktivitet-for-handicappede\\\/#primaryimage\",\"url\":\"https:\\\/\\\/lemco-mobility.com\\\/wp-content\\\/uploads\\\/2022\\\/12\\\/Physical-Activity-Participation-Among-Persons-with-Disabilities.webp\",\"contentUrl\":\"https:\\\/\\\/lemco-mobility.com\\\/wp-content\\\/uploads\\\/2022\\\/12\\\/Physical-Activity-Participation-Among-Persons-with-Disabilities.webp\",\"width\":700,\"height\":494,\"caption\":\"Forskning i fysisk aktivitet for handicappede\"},{\"@type\":\"BreadcrumbList\",\"@id\":\"https:\\\/\\\/lemco-mobility.com\\\/da\\\/forskning-i-fysisk-aktivitet-for-handicappede\\\/#breadcrumb\",\"itemListElement\":[{\"@type\":\"ListItem\",\"position\":1,\"name\":\"Home\",\"item\":\"https:\\\/\\\/lemco-mobility.com\\\/da\\\/traeningscykler-til-koerestol-stol-bedbikes-til-hospitalssenge\\\/\"},{\"@type\":\"ListItem\",\"position\":2,\"name\":\"Forskning i fysisk aktivitet for handicappede\"}]},{\"@type\":\"WebSite\",\"@id\":\"https:\\\/\\\/lemco-mobility.com\\\/da\\\/#website\",\"url\":\"https:\\\/\\\/lemco-mobility.com\\\/da\\\/\",\"name\":\"LEMCO Mobility\",\"description\":\"Exercisers for Wheelchair and Chair &amp; BedBikes for Hospital beds\",\"publisher\":{\"@id\":\"https:\\\/\\\/lemco-mobility.com\\\/da\\\/#organization\"},\"alternateName\":\"We increase Personal Mobility\",\"potentialAction\":[{\"@type\":\"SearchAction\",\"target\":{\"@type\":\"EntryPoint\",\"urlTemplate\":\"https:\\\/\\\/lemco-mobility.com\\\/da\\\/?s={search_term_string}\"},\"query-input\":{\"@type\":\"PropertyValueSpecification\",\"valueRequired\":true,\"valueName\":\"search_term_string\"}}],\"inLanguage\":\"da-DK\"},{\"@type\":\"Organization\",\"@id\":\"https:\\\/\\\/lemco-mobility.com\\\/da\\\/#organization\",\"name\":\"Lemco mobilitet\",\"url\":\"https:\\\/\\\/lemco-mobility.com\\\/da\\\/\",\"logo\":{\"@type\":\"ImageObject\",\"inLanguage\":\"da-DK\",\"@id\":\"https:\\\/\\\/lemco-mobility.com\\\/da\\\/#\\\/schema\\\/logo\\\/image\\\/\",\"url\":\"https:\\\/\\\/lemco-mobility.com\\\/wp-content\\\/uploads\\\/2021\\\/12\\\/Lemco_Logo_RGB_AlmostBlack.webp\",\"contentUrl\":\"https:\\\/\\\/lemco-mobility.com\\\/wp-content\\\/uploads\\\/2021\\\/12\\\/Lemco_Logo_RGB_AlmostBlack.webp\",\"width\":250,\"height\":36,\"caption\":\"Lemco mobilitet\"},\"image\":{\"@id\":\"https:\\\/\\\/lemco-mobility.com\\\/da\\\/#\\\/schema\\\/logo\\\/image\\\/\"},\"sameAs\":[\"https:\\\/\\\/www.facebook.com\\\/lemcomobility\",\"https:\\\/\\\/m.youtube.com\\\/channel\\\/UClAacR9HmcdIoue_NQtX2Ng\"]},{\"@type\":\"Person\",\"@id\":\"https:\\\/\\\/lemco-mobility.com\\\/da\\\/#\\\/schema\\\/person\\\/5b174944ca10a7fd1a36f6fa00f45a4b\",\"name\":\"Carsten Lemche\",\"image\":{\"@type\":\"ImageObject\",\"inLanguage\":\"da-DK\",\"@id\":\"https:\\\/\\\/secure.gravatar.com\\\/avatar\\\/b243a41f9ce6583bd62f0b0c7aa323f3824a97d024a11f1463613199da7aa7c6?s=96&d=mm&r=g\",\"url\":\"https:\\\/\\\/secure.gravatar.com\\\/avatar\\\/b243a41f9ce6583bd62f0b0c7aa323f3824a97d024a11f1463613199da7aa7c6?s=96&d=mm&r=g\",\"contentUrl\":\"https:\\\/\\\/secure.gravatar.com\\\/avatar\\\/b243a41f9ce6583bd62f0b0c7aa323f3824a97d024a11f1463613199da7aa7c6?s=96&d=mm&r=g\",\"caption\":\"Carsten Lemche\"},\"url\":\"https:\\\/\\\/lemco-mobility.com\\\/da\\\/author\\\/carsten-lemcomobility\\\/\"}]}<\/script>\n<!-- \/ Yoast SEO Premium plugin. -->","yoast_head_json":{"title":"Forskning i fysisk aktivitet for handicappede - LEMCO Mobility","description":"Identificer forskellige barrierer og facilitatorer forbundet med deltagelse i fitness blandt personer med handicap.","robots":{"index":"index","follow":"follow","max-snippet":"max-snippet:-1","max-image-preview":"max-image-preview:large","max-video-preview":"max-video-preview:-1"},"canonical":"https:\/\/lemco-mobility.com\/da\/forskning-i-fysisk-aktivitet-for-handicappede\/","og_locale":"da_DK","og_type":"article","og_title":"Forskning i fysisk aktivitet for handicappede","og_description":"Identificer forskellige barrierer og facilitatorer forbundet med deltagelse i fitness blandt personer med handicap.","og_url":"https:\/\/lemco-mobility.com\/da\/forskning-i-fysisk-aktivitet-for-handicappede\/","og_site_name":"LEMCO Mobility","article_publisher":"https:\/\/www.facebook.com\/lemcomobility","article_published_time":"2022-12-25T17:40:16+00:00","article_modified_time":"2025-11-05T11:47:38+00:00","og_image":[{"width":700,"height":494,"url":"https:\/\/lemco-mobility.com\/wp-content\/uploads\/2022\/12\/Physical-Activity-Participation-Among-Persons-with-Disabilities.webp","type":"image\/webp"}],"author":"Carsten Lemche","twitter_card":"summary_large_image","twitter_misc":{"Skrevet af":"Carsten Lemche","Estimeret l\u00e6setid":"6 minutter"},"schema":{"@context":"https:\/\/schema.org","@graph":[{"@type":"Article","@id":"https:\/\/lemco-mobility.com\/da\/forskning-i-fysisk-aktivitet-for-handicappede\/#article","isPartOf":{"@id":"https:\/\/lemco-mobility.com\/da\/forskning-i-fysisk-aktivitet-for-handicappede\/"},"author":{"name":"Carsten Lemche","@id":"https:\/\/lemco-mobility.com\/da\/#\/schema\/person\/5b174944ca10a7fd1a36f6fa00f45a4b"},"headline":"Forskning i fysisk aktivitet for handicappede","datePublished":"2022-12-25T17:40:16+00:00","dateModified":"2025-11-05T11:47:38+00:00","mainEntityOfPage":{"@id":"https:\/\/lemco-mobility.com\/da\/forskning-i-fysisk-aktivitet-for-handicappede\/"},"wordCount":1161,"publisher":{"@id":"https:\/\/lemco-mobility.com\/da\/#organization"},"image":{"@id":"https:\/\/lemco-mobility.com\/da\/forskning-i-fysisk-aktivitet-for-handicappede\/#primaryimage"},"thumbnailUrl":"https:\/\/lemco-mobility.com\/wp-content\/uploads\/2022\/12\/Physical-Activity-Participation-Among-Persons-with-Disabilities.webp","articleSection":["Sygdomme"],"inLanguage":"da-DK"},{"@type":"WebPage","@id":"https:\/\/lemco-mobility.com\/da\/forskning-i-fysisk-aktivitet-for-handicappede\/","url":"https:\/\/lemco-mobility.com\/da\/forskning-i-fysisk-aktivitet-for-handicappede\/","name":"Forskning i fysisk aktivitet for handicappede - LEMCO Mobility","isPartOf":{"@id":"https:\/\/lemco-mobility.com\/da\/#website"},"primaryImageOfPage":{"@id":"https:\/\/lemco-mobility.com\/da\/forskning-i-fysisk-aktivitet-for-handicappede\/#primaryimage"},"image":{"@id":"https:\/\/lemco-mobility.com\/da\/forskning-i-fysisk-aktivitet-for-handicappede\/#primaryimage"},"thumbnailUrl":"https:\/\/lemco-mobility.com\/wp-content\/uploads\/2022\/12\/Physical-Activity-Participation-Among-Persons-with-Disabilities.webp","datePublished":"2022-12-25T17:40:16+00:00","dateModified":"2025-11-05T11:47:38+00:00","description":"Identificer forskellige barrierer og facilitatorer forbundet med deltagelse i fitness blandt personer med handicap.","breadcrumb":{"@id":"https:\/\/lemco-mobility.com\/da\/forskning-i-fysisk-aktivitet-for-handicappede\/#breadcrumb"},"inLanguage":"da-DK","potentialAction":[{"@type":"ReadAction","target":["https:\/\/lemco-mobility.com\/da\/forskning-i-fysisk-aktivitet-for-handicappede\/"]}]},{"@type":"ImageObject","inLanguage":"da-DK","@id":"https:\/\/lemco-mobility.com\/da\/forskning-i-fysisk-aktivitet-for-handicappede\/#primaryimage","url":"https:\/\/lemco-mobility.com\/wp-content\/uploads\/2022\/12\/Physical-Activity-Participation-Among-Persons-with-Disabilities.webp","contentUrl":"https:\/\/lemco-mobility.com\/wp-content\/uploads\/2022\/12\/Physical-Activity-Participation-Among-Persons-with-Disabilities.webp","width":700,"height":494,"caption":"Forskning i fysisk aktivitet for handicappede"},{"@type":"BreadcrumbList","@id":"https:\/\/lemco-mobility.com\/da\/forskning-i-fysisk-aktivitet-for-handicappede\/#breadcrumb","itemListElement":[{"@type":"ListItem","position":1,"name":"Home","item":"https:\/\/lemco-mobility.com\/da\/traeningscykler-til-koerestol-stol-bedbikes-til-hospitalssenge\/"},{"@type":"ListItem","position":2,"name":"Forskning i fysisk aktivitet for handicappede"}]},{"@type":"WebSite","@id":"https:\/\/lemco-mobility.com\/da\/#website","url":"https:\/\/lemco-mobility.com\/da\/","name":"LEMCO Mobility","description":"Exercisers for Wheelchair and Chair &amp; BedBikes for Hospital beds","publisher":{"@id":"https:\/\/lemco-mobility.com\/da\/#organization"},"alternateName":"We increase Personal Mobility","potentialAction":[{"@type":"SearchAction","target":{"@type":"EntryPoint","urlTemplate":"https:\/\/lemco-mobility.com\/da\/?s={search_term_string}"},"query-input":{"@type":"PropertyValueSpecification","valueRequired":true,"valueName":"search_term_string"}}],"inLanguage":"da-DK"},{"@type":"Organization","@id":"https:\/\/lemco-mobility.com\/da\/#organization","name":"Lemco mobilitet","url":"https:\/\/lemco-mobility.com\/da\/","logo":{"@type":"ImageObject","inLanguage":"da-DK","@id":"https:\/\/lemco-mobility.com\/da\/#\/schema\/logo\/image\/","url":"https:\/\/lemco-mobility.com\/wp-content\/uploads\/2021\/12\/Lemco_Logo_RGB_AlmostBlack.webp","contentUrl":"https:\/\/lemco-mobility.com\/wp-content\/uploads\/2021\/12\/Lemco_Logo_RGB_AlmostBlack.webp","width":250,"height":36,"caption":"Lemco mobilitet"},"image":{"@id":"https:\/\/lemco-mobility.com\/da\/#\/schema\/logo\/image\/"},"sameAs":["https:\/\/www.facebook.com\/lemcomobility","https:\/\/m.youtube.com\/channel\/UClAacR9HmcdIoue_NQtX2Ng"]},{"@type":"Person","@id":"https:\/\/lemco-mobility.com\/da\/#\/schema\/person\/5b174944ca10a7fd1a36f6fa00f45a4b","name":"Carsten Lemche","image":{"@type":"ImageObject","inLanguage":"da-DK","@id":"https:\/\/secure.gravatar.com\/avatar\/b243a41f9ce6583bd62f0b0c7aa323f3824a97d024a11f1463613199da7aa7c6?s=96&d=mm&r=g","url":"https:\/\/secure.gravatar.com\/avatar\/b243a41f9ce6583bd62f0b0c7aa323f3824a97d024a11f1463613199da7aa7c6?s=96&d=mm&r=g","contentUrl":"https:\/\/secure.gravatar.com\/avatar\/b243a41f9ce6583bd62f0b0c7aa323f3824a97d024a11f1463613199da7aa7c6?s=96&d=mm&r=g","caption":"Carsten Lemche"},"url":"https:\/\/lemco-mobility.com\/da\/author\/carsten-lemcomobility\/"}]}},"_links":{"self":[{"href":"https:\/\/lemco-mobility.com\/da\/wp-json\/wp\/v2\/posts\/29076","targetHints":{"allow":["GET"]}}],"collection":[{"href":"https:\/\/lemco-mobility.com\/da\/wp-json\/wp\/v2\/posts"}],"about":[{"href":"https:\/\/lemco-mobility.com\/da\/wp-json\/wp\/v2\/types\/post"}],"author":[{"embeddable":true,"href":"https:\/\/lemco-mobility.com\/da\/wp-json\/wp\/v2\/users\/2"}],"replies":[{"embeddable":true,"href":"https:\/\/lemco-mobility.com\/da\/wp-json\/wp\/v2\/comments?post=29076"}],"version-history":[{"count":3,"href":"https:\/\/lemco-mobility.com\/da\/wp-json\/wp\/v2\/posts\/29076\/revisions"}],"predecessor-version":[{"id":29100,"href":"https:\/\/lemco-mobility.com\/da\/wp-json\/wp\/v2\/posts\/29076\/revisions\/29100"}],"wp:featuredmedia":[{"embeddable":true,"href":"https:\/\/lemco-mobility.com\/da\/wp-json\/wp\/v2\/media\/29083"}],"wp:attachment":[{"href":"https:\/\/lemco-mobility.com\/da\/wp-json\/wp\/v2\/media?parent=29076"}],"wp:term":[{"taxonomy":"category","embeddable":true,"href":"https:\/\/lemco-mobility.com\/da\/wp-json\/wp\/v2\/categories?post=29076"},{"taxonomy":"post_tag","embeddable":true,"href":"https:\/\/lemco-mobility.com\/da\/wp-json\/wp\/v2\/tags?post=29076"}],"curies":[{"name":"wp","href":"https:\/\/api.w.org\/{rel}","templated":true}]}}