{"id":29150,"date":"2022-10-07T08:01:16","date_gmt":"2022-10-07T08:01:16","guid":{"rendered":"https:\/\/lemco-mobility.com\/hospicepatienter-har-gavn-af-let-traening\/"},"modified":"2025-11-05T11:47:54","modified_gmt":"2025-11-05T11:47:54","slug":"hospicepatienter-har-gavn-af-let-traening","status":"publish","type":"post","link":"https:\/\/lemco-mobility.com\/da\/hospicepatienter-har-gavn-af-let-traening\/","title":{"rendered":"Hospicepatienter har gavn af let tr\u00e6ning"},"content":{"rendered":"\t\t<div data-elementor-type=\"wp-post\" data-elementor-id=\"29150\" class=\"elementor elementor-29150 elementor-13985\" data-elementor-post-type=\"post\">\n\t\t\t\t\t\t<section class=\"wd-negative-gap elementor-section elementor-top-section elementor-element elementor-element-658327f5 elementor-section-height-min-height elementor-section-items-stretch elementor-section-stretched elementor-section-full_width elementor-section-height-default\" data-id=\"658327f5\" data-element_type=\"section\" data-e-type=\"section\" data-settings=\"{&quot;background_background&quot;:&quot;video&quot;,&quot;stretch_section&quot;:&quot;section-stretched&quot;,&quot;background_video_start&quot;:20,&quot;background_video_end&quot;:30,&quot;shape_divider_bottom&quot;:&quot;curve&quot;,&quot;shape_divider_bottom_negative&quot;:&quot;yes&quot;,&quot;background_play_once&quot;:&quot;yes&quot;}\">\n\t\t\t\t\t<div class=\"elementor-shape elementor-shape-bottom\" aria-hidden=\"true\" data-negative=\"true\">\n\t\t\t<svg xmlns=\"http:\/\/www.w3.org\/2000\/svg\" viewBox=\"0 0 1000 100\" preserveAspectRatio=\"none\">\n\t<path class=\"elementor-shape-fill\" d=\"M500,97C126.7,96.3,0.8,19.8,0,0v100l1000,0V1C1000,19.4,873.3,97.8,500,97z\"\/>\n<\/svg>\t\t<\/div>\n\t\t\t\t\t<div class=\"elementor-container elementor-column-gap-custom\">\n\t\t\t\t\t<div class=\"elementor-column elementor-col-100 elementor-top-column elementor-element elementor-element-68465f50\" data-id=\"68465f50\" data-element_type=\"column\" data-e-type=\"column\">\n\t\t\t<div class=\"elementor-widget-wrap elementor-element-populated\">\n\t\t\t\t\t\t<div class=\"elementor-element elementor-element-6b19d4d8 elementor-widget elementor-widget-spacer\" data-id=\"6b19d4d8\" data-element_type=\"widget\" data-e-type=\"widget\" data-widget_type=\"spacer.default\">\n\t\t\t\t<div class=\"elementor-widget-container\">\n\t\t\t\t\t\t\t<div class=\"elementor-spacer\">\n\t\t\t<div class=\"elementor-spacer-inner\"><\/div>\n\t\t<\/div>\n\t\t\t\t\t\t<\/div>\n\t\t\t\t<\/div>\n\t\t\t\t\t<\/div>\n\t\t<\/div>\n\t\t\t\t\t<\/div>\n\t\t<\/section>\n\t\t\t\t<section class=\"elementor-section elementor-top-section elementor-element elementor-element-6fb5e84 elementor-section-stretched elementor-section-boxed elementor-section-height-default elementor-section-height-default\" data-id=\"6fb5e84\" data-element_type=\"section\" data-e-type=\"section\" data-settings=\"{&quot;stretch_section&quot;:&quot;section-stretched&quot;,&quot;background_background&quot;:&quot;gradient&quot;}\">\n\t\t\t\t\t\t\t<div class=\"elementor-background-overlay\"><\/div>\n\t\t\t\t\t\t\t<div class=\"elementor-container elementor-column-gap-default\">\n\t\t\t\t\t<div class=\"elementor-column elementor-col-50 elementor-top-column elementor-element elementor-element-7821143\" data-id=\"7821143\" data-element_type=\"column\" data-e-type=\"column\">\n\t\t\t<div class=\"elementor-widget-wrap elementor-element-populated\">\n\t\t\t\t\t\t<div class=\"elementor-element elementor-element-237f882 elementor-widget elementor-widget-heading\" data-id=\"237f882\" data-element_type=\"widget\" data-e-type=\"widget\" data-widget_type=\"heading.default\">\n\t\t\t\t<div class=\"elementor-widget-container\">\n\t\t\t\t\t<h1 class=\"elementor-heading-title elementor-size-default\">Hospicepatienter har gavn af let tr\u00e6ning\n<\/h1>\t\t\t\t<\/div>\n\t\t\t\t<\/div>\n\t\t\t\t<div class=\"elementor-element elementor-element-2147dfe elementor-widget elementor-widget-heading\" data-id=\"2147dfe\" data-element_type=\"widget\" data-e-type=\"widget\" data-widget_type=\"heading.default\">\n\t\t\t\t<div class=\"elementor-widget-container\">\n\t\t\t\t\t<h2 class=\"elementor-heading-title elementor-size-default\">Tr\u00e6ning med Combi Bike Plus er gavnlig for uhelbredeligt syge patienter, der har brug for at tr\u00e6ne let, if\u00f8lge fysioterapeut Hanne Oest Jacobsen.\n<\/h2>\t\t\t\t<\/div>\n\t\t\t\t<\/div>\n\t\t\t\t<div class=\"elementor-element elementor-element-6a99bac color-scheme-inherit text-left elementor-widget elementor-widget-text-editor\" data-id=\"6a99bac\" data-element_type=\"widget\" data-e-type=\"widget\" data-widget_type=\"text-editor.default\">\n\t\t\t\t<div class=\"elementor-widget-container\">\n\t\t\t\t\t\t\t\t\t<p>Tr\u00e6ning n\u00e5r d\u00f8den er n\u00e6rt forest\u00e5ende.<\/p><p>Diakonissestiftelsens hospice i Frederiksberg har plads til 16 patienter, der er uhelbredeligt syge eller d\u00f8ende. Personale med s\u00e6rlig uddannelse tilbyder dem palliativ pleje og behandling. Hanne Oest Jacobsen, fysioterapeut, er en af dem.  <\/p><p>If\u00f8lge hende har st\u00f8rstedelen af patienterne kr\u00e6ft, men der er ogs\u00e5 dem med neurologiske, hjerte-, lunge- eller nyresygdomme. Disse patienter kan have mange smerter og opleve symptomer som opkastning, \u00e5nden\u00f8d og tr\u00e6thed. <\/p><p>Men er fysisk tr\u00e6ning relevant for folk, der er ved at g\u00e5 bort? Hanne Oest Jacobsen er ikke i tvivl. Svaret er ja.  <\/p><p>&#8211; Man skal ikke bare sidde der, til man g\u00e5r bort. Hver dag skal leves. Hver person str\u00e6ber efter at have et meningsfuldt og tilfredsstillende liv, siger hun.  <\/p>\t\t\t\t\t\t\t\t<\/div>\n\t\t\t\t<\/div>\n\t\t\t\t<div class=\"elementor-element elementor-element-e6bebdb elementor-widget elementor-widget-heading\" data-id=\"e6bebdb\" data-element_type=\"widget\" data-e-type=\"widget\" data-widget_type=\"heading.default\">\n\t\t\t\t<div class=\"elementor-widget-container\">\n\t\t\t\t\t<h3 class=\"elementor-heading-title elementor-size-default\">Hele kroppen er i brug<\/h3>\t\t\t\t<\/div>\n\t\t\t\t<\/div>\n\t\t\t\t<div class=\"elementor-element elementor-element-2f1fd11 color-scheme-inherit text-left elementor-widget elementor-widget-text-editor\" data-id=\"2f1fd11\" data-element_type=\"widget\" data-e-type=\"widget\" data-widget_type=\"text-editor.default\">\n\t\t\t\t<div class=\"elementor-widget-container\">\n\t\t\t\t\t\t\t\t\t<p>Nogle beboere har f\u00f8rt en aktiv livsstil gennem sport, mens andre kan have vedligeholdt en have eller cyklet rundt i nabolaget. Og nu er de ude af stand til at v\u00e6re aktive p\u00e5 grund af en alvorlig sygdom. <\/p><p>&#8211; Men livet er her stadig, og de har brug for at bev\u00e6ge deres krop, siger Hanne Oest Jacobsen og forts\u00e6tter:<\/p><p>&#8211; Vi har i \u00f8jeblikket et stort antal yngre patienter. Nogle af dem er vant til at dyrke sport og andre former for fysisk aktivitet. Men det kan de simpelthen ikke. I denne kategori har Combi Bike Plus klaret sig glimrende. Hvis en af dine arme er lammet, kan du desuden b\u00e6re vores velcrohandske under tr\u00e6ningen for at lade armen bev\u00e6ge sig, siger hun.    <\/p><p>Mobilitetstr\u00e6ningscyklens alsidighed, som giver mulighed for brug af b\u00e5de arme og ben, er absolut afg\u00f8rende for Hanne Oest Jacobsen.<\/p><p>&#8211; Fysisk gavner det kroppen og holder gang i kredsl\u00f8bet. Evnen til at bruge sin krop giver afslapning, velv\u00e6re og tilfredshed. Mange kr\u00e6ftpatienter har vedvarende tr\u00e6thed som f\u00f8lge af deres sygdom og behandling. Du kan opn\u00e5 en mere naturlig grad af tr\u00e6thed ved at bruge Combi Bike Plus, siger hun.   <\/p>\t\t\t\t\t\t\t\t<\/div>\n\t\t\t\t<\/div>\n\t\t\t\t<div class=\"elementor-element elementor-element-27a4626 elementor-widget elementor-widget-heading\" data-id=\"27a4626\" data-element_type=\"widget\" data-e-type=\"widget\" data-widget_type=\"heading.default\">\n\t\t\t\t<div class=\"elementor-widget-container\">\n\t\t\t\t\t<h3 class=\"elementor-heading-title elementor-size-default\">Nogle tr\u00e6ner p\u00e5 egen h\u00e5nd<\/h3>\t\t\t\t<\/div>\n\t\t\t\t<\/div>\n\t\t\t\t<div class=\"elementor-element elementor-element-2485702 color-scheme-inherit text-left elementor-widget elementor-widget-text-editor\" data-id=\"2485702\" data-element_type=\"widget\" data-e-type=\"widget\" data-widget_type=\"text-editor.default\">\n\t\t\t\t<div class=\"elementor-widget-container\">\n\t\t\t\t\t\t\t\t\t<p>Mobilitetstr\u00e6ningscyklen bruges hyppigt. B\u00e5de blandt patienter, der er unge og gamle. Hanne Oest Jacobsen fremh\u00e6ver, at det er en mulighed at bruge Combi Bike Plus til tr\u00e6ning, mens man sidder i en k\u00f8restol eller en almindelig stol. Og nogle mennesker har det som et dagligt krav, at de tr\u00e6ner med den. De bruger den udelukkende p\u00e5 egen h\u00e5nd.    <\/p><p>&#8211; Nogle brugere, der bruger den dagligt, registrerer blot m\u00e6ngden af modstand, den tilbagelagte distance og varigheden af deres ture. For nogle mennesker tager det kun fem minutters tr\u00e6ning uden behov for m\u00e5ling, siger hun. <\/p>\t\t\t\t\t\t\t\t<\/div>\n\t\t\t\t<\/div>\n\t\t\t\t<div class=\"elementor-element elementor-element-dc9d552 elementor-widget elementor-widget-heading\" data-id=\"dc9d552\" data-element_type=\"widget\" data-e-type=\"widget\" data-widget_type=\"heading.default\">\n\t\t\t\t<div class=\"elementor-widget-container\">\n\t\t\t\t\t<h3 class=\"elementor-heading-title elementor-size-default\">Efterspurgt af patienter<\/h3>\t\t\t\t<\/div>\n\t\t\t\t<\/div>\n\t\t\t\t<div class=\"elementor-element elementor-element-1a409ad color-scheme-inherit text-left elementor-widget elementor-widget-text-editor\" data-id=\"1a409ad\" data-element_type=\"widget\" data-e-type=\"widget\" data-widget_type=\"text-editor.default\">\n\t\t\t\t<div class=\"elementor-widget-container\">\n\t\t\t\t\t\t\t\t\t<p>Diakonissestiftelsens Hospice k\u00f8bte en Combi Bike Plus efter patienternes \u00f8nske.<\/p><p>&#8211; Patienterne havde spurgt om en m\u00e5de at cykle p\u00e5. Og patienter kan nemt k\u00f8re p\u00e5 denne Combi Bike Plus, hvis de ikke er i stand til at deltage i sport p\u00e5 samme m\u00e5de, som de gjorde tidligere, siger Hanne Oest Jacobsen. <\/p><p>Hun forts\u00e6tter med at sige, at brugen af en mobilitetstr\u00e6ningscykel er en lav-impact form for tr\u00e6ning, og at det ogs\u00e5 betragtes som palliation at lade patienten v\u00e6re aktiv og tr\u00e6ne.<span class=\"Apple-converted-space\"> <\/span><\/p><p>&#8211; Det er mild tr\u00e6ning for hospicepatienter. N\u00e5r du mister styrke, opfylder Combi Bike Plus et behov for at tr\u00e6ne, siger Hanne Oest Jacobsen. <\/p>\t\t\t\t\t\t\t\t<\/div>\n\t\t\t\t<\/div>\n\t\t\t\t\t<\/div>\n\t\t<\/div>\n\t\t\t\t<div class=\"elementor-column elementor-col-50 elementor-top-column elementor-element elementor-element-d29707c\" data-id=\"d29707c\" data-element_type=\"column\" data-e-type=\"column\">\n\t\t\t<div class=\"elementor-widget-wrap elementor-element-populated\">\n\t\t\t\t\t\t<div class=\"elementor-element elementor-element-40f5907 elementor-widget-divider--view-line_text elementor-widget-divider--element-align-left elementor-widget elementor-widget-divider\" data-id=\"40f5907\" data-element_type=\"widget\" data-e-type=\"widget\" data-widget_type=\"divider.default\">\n\t\t\t\t<div class=\"elementor-widget-container\">\n\t\t\t\t\t\t\t<div class=\"elementor-divider\">\n\t\t\t<span class=\"elementor-divider-separator\">\n\t\t\t\t\t\t\t<span class=\"elementor-divider__text elementor-divider__element\">\n\t\t\t\tCombi Bike Plus i brug p\u00e5 hospice\t\t\t\t<\/span>\n\t\t\t\t\t\t<\/span>\n\t\t<\/div>\n\t\t\t\t\t\t<\/div>\n\t\t\t\t<\/div>\n\t\t\t\t<div class=\"elementor-element elementor-element-7444ded elementor-widget elementor-widget-gallery\" data-id=\"7444ded\" data-element_type=\"widget\" data-e-type=\"widget\" data-settings=\"{&quot;columns&quot;:1,&quot;columns_mobile&quot;:2,&quot;gap&quot;:{&quot;unit&quot;:&quot;px&quot;,&quot;size&quot;:20,&quot;sizes&quot;:[]},&quot;image_hover_animation&quot;:&quot;grow&quot;,&quot;aspect_ratio&quot;:&quot;1:1&quot;,&quot;lazyload&quot;:&quot;yes&quot;,&quot;gallery_layout&quot;:&quot;grid&quot;,&quot;columns_tablet&quot;:2,&quot;gap_tablet&quot;:{&quot;unit&quot;:&quot;px&quot;,&quot;size&quot;:10,&quot;sizes&quot;:[]},&quot;gap_mobile&quot;:{&quot;unit&quot;:&quot;px&quot;,&quot;size&quot;:10,&quot;sizes&quot;:[]},&quot;link_to&quot;:&quot;file&quot;,&quot;content_hover_animation&quot;:&quot;fade-in&quot;}\" data-widget_type=\"gallery.default\">\n\t\t\t\t<div class=\"elementor-widget-container\">\n\t\t\t\t\t\t\t<div class=\"elementor-gallery__container\">\n\t\t\t\t\t\t\t<a class=\"e-gallery-item elementor-gallery-item elementor-animated-content\" href=\"https:\/\/lemco-mobility.com\/wp-content\/uploads\/2022\/11\/Hospice-exercise-combi-bike-plus-case-story.webp\" data-elementor-open-lightbox=\"yes\" data-elementor-lightbox-slideshow=\"7444ded\" data-elementor-lightbox-title=\"Hospice-tr\u00e6ning-combi-bike-plus-case-story\" data-e-action-hash=\"#elementor-action%3Aaction%3Dlightbox%26settings%3DeyJpZCI6MjkwNzMsInVybCI6Imh0dHBzOlwvXC9sZW1jby1tb2JpbGl0eS5jb21cL3dwLWNvbnRlbnRcL3VwbG9hZHNcLzIwMjJcLzExXC9Ib3NwaWNlLWV4ZXJjaXNlLWNvbWJpLWJpa2UtcGx1cy1jYXNlLXN0b3J5LndlYnAiLCJzbGlkZXNob3ciOiI3NDQ0ZGVkIn0%3D\">\n\t\t\t\t\t<div class=\"e-gallery-image elementor-gallery-item__image\" data-thumbnail=\"https:\/\/lemco-mobility.com\/wp-content\/uploads\/2022\/11\/Hospice-exercise-combi-bike-plus-case-story-768x1024.webp\" data-width=\"768\" data-height=\"1024\" aria-label=\"\" role=\"img\" ><\/div>\n\t\t\t\t\t\t\t\t\t\t\t\t\t\t<\/a>\n\t\t\t\t\t<\/div>\n\t\t\t\t\t<\/div>\n\t\t\t\t<\/div>\n\t\t\t\t<div class=\"elementor-element elementor-element-8c7d071 color-scheme-inherit text-left elementor-widget elementor-widget-text-editor\" data-id=\"8c7d071\" data-element_type=\"widget\" data-e-type=\"widget\" data-widget_type=\"text-editor.default\">\n\t\t\t\t<div class=\"elementor-widget-container\">\n\t\t\t\t\t\t\t\t\t<p>Fysioterapeut Hanne Oest Jacobsen fra Diakonissestiftelsens hospice viser, hvordan man bruger en velcrohandske til at bev\u00e6ge en skadet arm, n\u00e5r man tr\u00e6ner med Combi Bike Plus.<\/p>\t\t\t\t\t\t\t\t<\/div>\n\t\t\t\t<\/div>\n\t\t\t\t\t<\/div>\n\t\t<\/div>\n\t\t\t\t\t<\/div>\n\t\t<\/section>\n\t\t\t\t<section class=\"elementor-section elementor-top-section elementor-element elementor-element-25a99b60 elementor-section-stretched elementor-section-boxed elementor-section-height-default elementor-section-height-default\" data-id=\"25a99b60\" data-element_type=\"section\" data-e-type=\"section\" data-settings=\"{&quot;stretch_section&quot;:&quot;section-stretched&quot;,&quot;background_background&quot;:&quot;gradient&quot;}\">\n\t\t\t\t\t\t<div class=\"elementor-container elementor-column-gap-default\">\n\t\t\t\t\t<div class=\"elementor-column elementor-col-100 elementor-top-column elementor-element elementor-element-5de375e5\" data-id=\"5de375e5\" data-element_type=\"column\" data-e-type=\"column\">\n\t\t\t<div class=\"elementor-widget-wrap elementor-element-populated\">\n\t\t\t\t\t\t<div class=\"elementor-element elementor-element-7ca2bcfd elementor-widget-divider--view-line_text elementor-widget-divider--element-align-center elementor-widget elementor-widget-divider\" data-id=\"7ca2bcfd\" data-element_type=\"widget\" data-e-type=\"widget\" data-widget_type=\"divider.default\">\n\t\t\t\t<div class=\"elementor-widget-container\">\n\t\t\t\t\t\t\t<div class=\"elementor-divider\">\n\t\t\t<span class=\"elementor-divider-separator\">\n\t\t\t\t\t\t\t<span class=\"elementor-divider__text elementor-divider__element\">\n\t\t\t\tRelaterede cases\t\t\t\t<\/span>\n\t\t\t\t\t\t<\/span>\n\t\t<\/div>\n\t\t\t\t\t\t<\/div>\n\t\t\t\t<\/div>\n\t\t\t\t<div class=\"elementor-element elementor-element-57138b5f uael-post__news-stack-no elementor-widget elementor-widget-uael-posts\" data-id=\"57138b5f\" data-element_type=\"widget\" data-e-type=\"widget\" data-settings=\"{&quot;news_slides_to_show&quot;:1,&quot;news_slides_to_show_tablet&quot;:2,&quot;news_slides_to_show_mobile&quot;:1,&quot;news_pagination_type&quot;:&quot;ajax&quot;}\" data-widget_type=\"uael-posts.news\">\n\t\t\t\t<div class=\"elementor-widget-container\">\n\t\t\t\t\t\t\t<div class=\"uael-post__header\">\n\t\t\t\t\t<\/div>\n\t\t<div class=\"uael-post__body\">\n\t\t\t\n\t\t<div class=\"uael-post-image-left uael-post-grid uael-posts uael-post_structure-featured uael-featured_post_structure-\" data-query-type=\"custom\" data-structure=\"featured\" data-layout=\"\" data-page=\"0\" data-skin=\"news\" data-filter-default=\"\" data-offset-top=\"30\" >\n\n\t\t\t\n\n<div class=\"uael-post-wrapper   hospice \">\n\t<div class=\"uael-post__bg-wrap\">\n\t\t\n\t\t\n\t\t<div class=\"uael-post__inner-wrap\">\n\n\t\t\t\t<div class=\"uael-post__thumbnail\">\n\t\t\t<a target=\"_self\" href=\"https:\/\/lemco-mobility.com\/da\/hospicepatienter-drager-fordel-af-skaansom-traening\/\" title=\"Hospicepatienter drager fordel af sk\u00e5nsom tr\u00e6ning\" style=\"background-image: url(&#039;https:\/\/lemco-mobility.com\/wp-content\/uploads\/2024\/08\/Hospice1-768x768.webp&#039;);\">\n\t\t\t\t\t\t\t\t<\/a>\n\t\t<\/div>\n\t\t\n\t\t\t\n\t\t\t<div class=\"uael-post__content-wrap \">\n\t\t\t\t<div class=\"uael-post__terms-wrap\">\n\t\t\t\t\t<span class=\"uael-post__terms\"><span class=\"uael-listing__terms-link\">Hospice<\/span><\/span>\t\t\t\t<\/div>\n\t\t\t\t\t<h5 class=\"uael-post__title\">\n\n\t\t\n\t\t\t\t\t\t<a href=\"https:\/\/lemco-mobility.com\/da\/hospicepatienter-drager-fordel-af-skaansom-traening\/\" target=\"_self\">\n\t\t\t\tHospicepatienter drager fordel af sk\u00e5nsom tr\u00e6ning\t\t\t<\/a>\n\n\t\t\t\t<\/h5>\n\t\t\n\t\t<div class=\"uael-post__meta-data\">\n\n\t\t\n\t\t<\/div>\n\n\t\t\t\t<div class=\"uael-post__excerpt\">\n\t\t\t<p>I en verden, hvor sundhed og velv\u00e6re bliver stadig vigtigere, selv for dem p\u00e5 hospice, er introduktionen af Combi Bike Plus en interessant og vigtig beslutning &#8211; for de terminalt syge patienter. <\/p>\n\t\t<\/div>\n\t\t\t\t\t<a class=\"uael-post__read-more elementor-button\" href=\"https:\/\/lemco-mobility.com\/da\/hospicepatienter-drager-fordel-af-skaansom-traening\/\" target=\"_self\" aria-labelledby=\"uael-post-29071\">\n\t\t\t\t\t<span class=\"elementor-button-content-wrapper\">\n\t\t\t\t\t\t\t\t\t\t\t\t\t\t<span class=\"elementor-button-icon elementor-align-icon-left\">\n\n\t\t\t\t\t\t\t\t\t\n\t\t\t\t\t\t\t\t<\/span>\n\t\t\t\t\t\t\t\t\t\t\t\t\t\n\t\t\t\t\t\t<span class=\"elementor-button-text\" id=uael-post-29071>L\u00e6s mere \u2192<\/span>\n\t\t\t\t\t<\/span>\n\t\t\t\t<\/a>\n\t\t\t\t\t\t<\/div>\n\t\t\t\n\t\t<\/div>\n\t\t\n\t<\/div>\n\n<\/div>\n\n\t\t\t\t\t\t<div class=\"uael-post-grid__inner uael-post__columns-1 uael-post__columns-tablet-2 uael-post__columns-mobile-1\">\n\t\t\t\t\t\t\t<\/div>\n\t\t\t\n\t\t<\/div>\n\t\t\t\t<\/div>\n\t\t<div class=\"uael-post__footer\">\n\t\t\t\t\t<\/div>\n\t\t\t\t\t\t<\/div>\n\t\t\t\t<\/div>\n\t\t\t\t\t<\/div>\n\t\t<\/div>\n\t\t\t\t\t<\/div>\n\t\t<\/section>\n\t\t\t\t<\/div>\n\t\t","protected":false},"excerpt":{"rendered":"<p>Tr\u00e6ning med Combi Bike Plus er gavnlig for uhelbredeligt syge patienter, der har brug for at tr\u00e6ne let, if\u00f8lge fysioterapeut Hanne Oest Jacobsen.<\/p>\n","protected":false},"author":2,"featured_media":29082,"comment_status":"closed","ping_status":"open","sticky":false,"template":"elementor_header_footer","format":"standard","meta":{"content-type":"","footnotes":""},"categories":[292],"tags":[299],"class_list":["post-29150","post","type-post","status-publish","format-standard","has-post-thumbnail","hentry","category-hospice-sager","tag-combi-bike-plus"],"yoast_head":"<!-- This site is optimized with the Yoast SEO Premium plugin v27.5 (Yoast SEO v27.5) - https:\/\/yoast.com\/product\/yoast-seo-premium-wordpress\/ -->\n<title>Hospicepatienter har gavn af let tr\u00e6ning - LEMCO Mobility<\/title>\n<meta name=\"description\" content=\"Tr\u00e6ning med Combi Bike Plus er gavnlig for uhelbredeligt syge patienter, der har brug for at tr\u00e6ne let, if\u00f8lge fysioterapeut Hanne Oest Jacobsen.\" \/>\n<meta name=\"robots\" content=\"index, follow, max-snippet:-1, max-image-preview:large, max-video-preview:-1\" \/>\n<link rel=\"canonical\" href=\"https:\/\/lemco-mobility.com\/da\/hospicepatienter-har-gavn-af-let-traening\/\" \/>\n<meta property=\"og:locale\" content=\"da_DK\" \/>\n<meta property=\"og:type\" content=\"article\" \/>\n<meta property=\"og:title\" content=\"Hospicepatienter har gavn af let tr\u00e6ning\" \/>\n<meta property=\"og:description\" content=\"Tr\u00e6ning med Combi Bike Plus er gavnlig for uhelbredeligt syge patienter, der har brug for at tr\u00e6ne let, if\u00f8lge fysioterapeut Hanne Oest Jacobsen.\" \/>\n<meta property=\"og:url\" content=\"https:\/\/lemco-mobility.com\/da\/hospicepatienter-har-gavn-af-let-traening\/\" \/>\n<meta property=\"og:site_name\" content=\"LEMCO Mobility\" \/>\n<meta property=\"article:publisher\" content=\"https:\/\/www.facebook.com\/lemcomobility\" \/>\n<meta property=\"article:published_time\" content=\"2022-10-07T08:01:16+00:00\" \/>\n<meta property=\"article:modified_time\" content=\"2025-11-05T11:47:54+00:00\" \/>\n<meta property=\"og:image\" content=\"https:\/\/lemco-mobility.com\/wp-content\/uploads\/2022\/10\/Hospice-exercise-combi-bike-plus-case-Thumbnail.webp\" \/>\n\t<meta property=\"og:image:width\" content=\"1800\" \/>\n\t<meta property=\"og:image:height\" content=\"1605\" \/>\n\t<meta property=\"og:image:type\" content=\"image\/webp\" \/>\n<meta name=\"author\" content=\"Carsten Lemche\" \/>\n<meta name=\"twitter:card\" content=\"summary_large_image\" \/>\n<meta name=\"twitter:label1\" content=\"Skrevet af\" \/>\n\t<meta name=\"twitter:data1\" content=\"Carsten Lemche\" \/>\n\t<meta name=\"twitter:label2\" content=\"Estimeret l\u00e6setid\" \/>\n\t<meta name=\"twitter:data2\" content=\"4 minutter\" \/>\n<script type=\"application\/ld+json\" class=\"yoast-schema-graph\">{\"@context\":\"https:\\\/\\\/schema.org\",\"@graph\":[{\"@type\":\"Article\",\"@id\":\"https:\\\/\\\/lemco-mobility.com\\\/da\\\/hospicepatienter-har-gavn-af-let-traening\\\/#article\",\"isPartOf\":{\"@id\":\"https:\\\/\\\/lemco-mobility.com\\\/da\\\/hospicepatienter-har-gavn-af-let-traening\\\/\"},\"author\":{\"name\":\"Carsten Lemche\",\"@id\":\"https:\\\/\\\/lemco-mobility.com\\\/da\\\/#\\\/schema\\\/person\\\/5b174944ca10a7fd1a36f6fa00f45a4b\"},\"headline\":\"Hospicepatienter har gavn af let tr\u00e6ning\",\"datePublished\":\"2022-10-07T08:01:16+00:00\",\"dateModified\":\"2025-11-05T11:47:54+00:00\",\"mainEntityOfPage\":{\"@id\":\"https:\\\/\\\/lemco-mobility.com\\\/da\\\/hospicepatienter-har-gavn-af-let-traening\\\/\"},\"wordCount\":733,\"publisher\":{\"@id\":\"https:\\\/\\\/lemco-mobility.com\\\/da\\\/#organization\"},\"image\":{\"@id\":\"https:\\\/\\\/lemco-mobility.com\\\/da\\\/hospicepatienter-har-gavn-af-let-traening\\\/#primaryimage\"},\"thumbnailUrl\":\"https:\\\/\\\/lemco-mobility.com\\\/wp-content\\\/uploads\\\/2022\\\/10\\\/Hospice-exercise-combi-bike-plus-case-Thumbnail.webp\",\"keywords\":[\"Combi Bike Plus\"],\"articleSection\":[\"Hospice\"],\"inLanguage\":\"da-DK\"},{\"@type\":\"WebPage\",\"@id\":\"https:\\\/\\\/lemco-mobility.com\\\/da\\\/hospicepatienter-har-gavn-af-let-traening\\\/\",\"url\":\"https:\\\/\\\/lemco-mobility.com\\\/da\\\/hospicepatienter-har-gavn-af-let-traening\\\/\",\"name\":\"Hospicepatienter har gavn af let tr\u00e6ning - LEMCO Mobility\",\"isPartOf\":{\"@id\":\"https:\\\/\\\/lemco-mobility.com\\\/da\\\/#website\"},\"primaryImageOfPage\":{\"@id\":\"https:\\\/\\\/lemco-mobility.com\\\/da\\\/hospicepatienter-har-gavn-af-let-traening\\\/#primaryimage\"},\"image\":{\"@id\":\"https:\\\/\\\/lemco-mobility.com\\\/da\\\/hospicepatienter-har-gavn-af-let-traening\\\/#primaryimage\"},\"thumbnailUrl\":\"https:\\\/\\\/lemco-mobility.com\\\/wp-content\\\/uploads\\\/2022\\\/10\\\/Hospice-exercise-combi-bike-plus-case-Thumbnail.webp\",\"datePublished\":\"2022-10-07T08:01:16+00:00\",\"dateModified\":\"2025-11-05T11:47:54+00:00\",\"description\":\"Tr\u00e6ning med Combi Bike Plus er gavnlig for uhelbredeligt syge patienter, der har brug for at tr\u00e6ne let, if\u00f8lge fysioterapeut Hanne Oest Jacobsen.\",\"breadcrumb\":{\"@id\":\"https:\\\/\\\/lemco-mobility.com\\\/da\\\/hospicepatienter-har-gavn-af-let-traening\\\/#breadcrumb\"},\"inLanguage\":\"da-DK\",\"potentialAction\":[{\"@type\":\"ReadAction\",\"target\":[\"https:\\\/\\\/lemco-mobility.com\\\/da\\\/hospicepatienter-har-gavn-af-let-traening\\\/\"]}]},{\"@type\":\"ImageObject\",\"inLanguage\":\"da-DK\",\"@id\":\"https:\\\/\\\/lemco-mobility.com\\\/da\\\/hospicepatienter-har-gavn-af-let-traening\\\/#primaryimage\",\"url\":\"https:\\\/\\\/lemco-mobility.com\\\/wp-content\\\/uploads\\\/2022\\\/10\\\/Hospice-exercise-combi-bike-plus-case-Thumbnail.webp\",\"contentUrl\":\"https:\\\/\\\/lemco-mobility.com\\\/wp-content\\\/uploads\\\/2022\\\/10\\\/Hospice-exercise-combi-bike-plus-case-Thumbnail.webp\",\"width\":1800,\"height\":1605,\"caption\":\"Manuped i brug p\u00e5 Hospice\"},{\"@type\":\"BreadcrumbList\",\"@id\":\"https:\\\/\\\/lemco-mobility.com\\\/da\\\/hospicepatienter-har-gavn-af-let-traening\\\/#breadcrumb\",\"itemListElement\":[{\"@type\":\"ListItem\",\"position\":1,\"name\":\"Home\",\"item\":\"https:\\\/\\\/lemco-mobility.com\\\/da\\\/traeningscykler-til-koerestol-stol-bedbikes-til-hospitalssenge\\\/\"},{\"@type\":\"ListItem\",\"position\":2,\"name\":\"Hospicepatienter har gavn af let tr\u00e6ning\"}]},{\"@type\":\"WebSite\",\"@id\":\"https:\\\/\\\/lemco-mobility.com\\\/da\\\/#website\",\"url\":\"https:\\\/\\\/lemco-mobility.com\\\/da\\\/\",\"name\":\"LEMCO Mobility\",\"description\":\"Exercisers for Wheelchair and Chair &amp; BedBikes for Hospital beds\",\"publisher\":{\"@id\":\"https:\\\/\\\/lemco-mobility.com\\\/da\\\/#organization\"},\"alternateName\":\"We increase Personal Mobility\",\"potentialAction\":[{\"@type\":\"SearchAction\",\"target\":{\"@type\":\"EntryPoint\",\"urlTemplate\":\"https:\\\/\\\/lemco-mobility.com\\\/da\\\/?s={search_term_string}\"},\"query-input\":{\"@type\":\"PropertyValueSpecification\",\"valueRequired\":true,\"valueName\":\"search_term_string\"}}],\"inLanguage\":\"da-DK\"},{\"@type\":\"Organization\",\"@id\":\"https:\\\/\\\/lemco-mobility.com\\\/da\\\/#organization\",\"name\":\"Lemco mobilitet\",\"url\":\"https:\\\/\\\/lemco-mobility.com\\\/da\\\/\",\"logo\":{\"@type\":\"ImageObject\",\"inLanguage\":\"da-DK\",\"@id\":\"https:\\\/\\\/lemco-mobility.com\\\/da\\\/#\\\/schema\\\/logo\\\/image\\\/\",\"url\":\"https:\\\/\\\/lemco-mobility.com\\\/wp-content\\\/uploads\\\/2021\\\/12\\\/Lemco_Logo_RGB_AlmostBlack.webp\",\"contentUrl\":\"https:\\\/\\\/lemco-mobility.com\\\/wp-content\\\/uploads\\\/2021\\\/12\\\/Lemco_Logo_RGB_AlmostBlack.webp\",\"width\":250,\"height\":36,\"caption\":\"Lemco mobilitet\"},\"image\":{\"@id\":\"https:\\\/\\\/lemco-mobility.com\\\/da\\\/#\\\/schema\\\/logo\\\/image\\\/\"},\"sameAs\":[\"https:\\\/\\\/www.facebook.com\\\/lemcomobility\",\"https:\\\/\\\/m.youtube.com\\\/channel\\\/UClAacR9HmcdIoue_NQtX2Ng\"]},{\"@type\":\"Person\",\"@id\":\"https:\\\/\\\/lemco-mobility.com\\\/da\\\/#\\\/schema\\\/person\\\/5b174944ca10a7fd1a36f6fa00f45a4b\",\"name\":\"Carsten Lemche\",\"image\":{\"@type\":\"ImageObject\",\"inLanguage\":\"da-DK\",\"@id\":\"https:\\\/\\\/secure.gravatar.com\\\/avatar\\\/b243a41f9ce6583bd62f0b0c7aa323f3824a97d024a11f1463613199da7aa7c6?s=96&d=mm&r=g\",\"url\":\"https:\\\/\\\/secure.gravatar.com\\\/avatar\\\/b243a41f9ce6583bd62f0b0c7aa323f3824a97d024a11f1463613199da7aa7c6?s=96&d=mm&r=g\",\"contentUrl\":\"https:\\\/\\\/secure.gravatar.com\\\/avatar\\\/b243a41f9ce6583bd62f0b0c7aa323f3824a97d024a11f1463613199da7aa7c6?s=96&d=mm&r=g\",\"caption\":\"Carsten Lemche\"},\"url\":\"https:\\\/\\\/lemco-mobility.com\\\/da\\\/author\\\/carsten-lemcomobility\\\/\"}]}<\/script>\n<!-- \/ Yoast SEO Premium plugin. -->","yoast_head_json":{"title":"Hospicepatienter har gavn af let tr\u00e6ning - LEMCO Mobility","description":"Tr\u00e6ning med Combi Bike Plus er gavnlig for uhelbredeligt syge patienter, der har brug for at tr\u00e6ne let, if\u00f8lge fysioterapeut Hanne Oest Jacobsen.","robots":{"index":"index","follow":"follow","max-snippet":"max-snippet:-1","max-image-preview":"max-image-preview:large","max-video-preview":"max-video-preview:-1"},"canonical":"https:\/\/lemco-mobility.com\/da\/hospicepatienter-har-gavn-af-let-traening\/","og_locale":"da_DK","og_type":"article","og_title":"Hospicepatienter har gavn af let tr\u00e6ning","og_description":"Tr\u00e6ning med Combi Bike Plus er gavnlig for uhelbredeligt syge patienter, der har brug for at tr\u00e6ne let, if\u00f8lge fysioterapeut Hanne Oest Jacobsen.","og_url":"https:\/\/lemco-mobility.com\/da\/hospicepatienter-har-gavn-af-let-traening\/","og_site_name":"LEMCO Mobility","article_publisher":"https:\/\/www.facebook.com\/lemcomobility","article_published_time":"2022-10-07T08:01:16+00:00","article_modified_time":"2025-11-05T11:47:54+00:00","og_image":[{"width":1800,"height":1605,"url":"https:\/\/lemco-mobility.com\/wp-content\/uploads\/2022\/10\/Hospice-exercise-combi-bike-plus-case-Thumbnail.webp","type":"image\/webp"}],"author":"Carsten Lemche","twitter_card":"summary_large_image","twitter_misc":{"Skrevet af":"Carsten Lemche","Estimeret l\u00e6setid":"4 minutter"},"schema":{"@context":"https:\/\/schema.org","@graph":[{"@type":"Article","@id":"https:\/\/lemco-mobility.com\/da\/hospicepatienter-har-gavn-af-let-traening\/#article","isPartOf":{"@id":"https:\/\/lemco-mobility.com\/da\/hospicepatienter-har-gavn-af-let-traening\/"},"author":{"name":"Carsten Lemche","@id":"https:\/\/lemco-mobility.com\/da\/#\/schema\/person\/5b174944ca10a7fd1a36f6fa00f45a4b"},"headline":"Hospicepatienter har gavn af let tr\u00e6ning","datePublished":"2022-10-07T08:01:16+00:00","dateModified":"2025-11-05T11:47:54+00:00","mainEntityOfPage":{"@id":"https:\/\/lemco-mobility.com\/da\/hospicepatienter-har-gavn-af-let-traening\/"},"wordCount":733,"publisher":{"@id":"https:\/\/lemco-mobility.com\/da\/#organization"},"image":{"@id":"https:\/\/lemco-mobility.com\/da\/hospicepatienter-har-gavn-af-let-traening\/#primaryimage"},"thumbnailUrl":"https:\/\/lemco-mobility.com\/wp-content\/uploads\/2022\/10\/Hospice-exercise-combi-bike-plus-case-Thumbnail.webp","keywords":["Combi Bike Plus"],"articleSection":["Hospice"],"inLanguage":"da-DK"},{"@type":"WebPage","@id":"https:\/\/lemco-mobility.com\/da\/hospicepatienter-har-gavn-af-let-traening\/","url":"https:\/\/lemco-mobility.com\/da\/hospicepatienter-har-gavn-af-let-traening\/","name":"Hospicepatienter har gavn af let tr\u00e6ning - LEMCO Mobility","isPartOf":{"@id":"https:\/\/lemco-mobility.com\/da\/#website"},"primaryImageOfPage":{"@id":"https:\/\/lemco-mobility.com\/da\/hospicepatienter-har-gavn-af-let-traening\/#primaryimage"},"image":{"@id":"https:\/\/lemco-mobility.com\/da\/hospicepatienter-har-gavn-af-let-traening\/#primaryimage"},"thumbnailUrl":"https:\/\/lemco-mobility.com\/wp-content\/uploads\/2022\/10\/Hospice-exercise-combi-bike-plus-case-Thumbnail.webp","datePublished":"2022-10-07T08:01:16+00:00","dateModified":"2025-11-05T11:47:54+00:00","description":"Tr\u00e6ning med Combi Bike Plus er gavnlig for uhelbredeligt syge patienter, der har brug for at tr\u00e6ne let, if\u00f8lge fysioterapeut Hanne Oest Jacobsen.","breadcrumb":{"@id":"https:\/\/lemco-mobility.com\/da\/hospicepatienter-har-gavn-af-let-traening\/#breadcrumb"},"inLanguage":"da-DK","potentialAction":[{"@type":"ReadAction","target":["https:\/\/lemco-mobility.com\/da\/hospicepatienter-har-gavn-af-let-traening\/"]}]},{"@type":"ImageObject","inLanguage":"da-DK","@id":"https:\/\/lemco-mobility.com\/da\/hospicepatienter-har-gavn-af-let-traening\/#primaryimage","url":"https:\/\/lemco-mobility.com\/wp-content\/uploads\/2022\/10\/Hospice-exercise-combi-bike-plus-case-Thumbnail.webp","contentUrl":"https:\/\/lemco-mobility.com\/wp-content\/uploads\/2022\/10\/Hospice-exercise-combi-bike-plus-case-Thumbnail.webp","width":1800,"height":1605,"caption":"Manuped i brug p\u00e5 Hospice"},{"@type":"BreadcrumbList","@id":"https:\/\/lemco-mobility.com\/da\/hospicepatienter-har-gavn-af-let-traening\/#breadcrumb","itemListElement":[{"@type":"ListItem","position":1,"name":"Home","item":"https:\/\/lemco-mobility.com\/da\/traeningscykler-til-koerestol-stol-bedbikes-til-hospitalssenge\/"},{"@type":"ListItem","position":2,"name":"Hospicepatienter har gavn af let tr\u00e6ning"}]},{"@type":"WebSite","@id":"https:\/\/lemco-mobility.com\/da\/#website","url":"https:\/\/lemco-mobility.com\/da\/","name":"LEMCO Mobility","description":"Exercisers for Wheelchair and Chair &amp; BedBikes for Hospital beds","publisher":{"@id":"https:\/\/lemco-mobility.com\/da\/#organization"},"alternateName":"We increase Personal Mobility","potentialAction":[{"@type":"SearchAction","target":{"@type":"EntryPoint","urlTemplate":"https:\/\/lemco-mobility.com\/da\/?s={search_term_string}"},"query-input":{"@type":"PropertyValueSpecification","valueRequired":true,"valueName":"search_term_string"}}],"inLanguage":"da-DK"},{"@type":"Organization","@id":"https:\/\/lemco-mobility.com\/da\/#organization","name":"Lemco mobilitet","url":"https:\/\/lemco-mobility.com\/da\/","logo":{"@type":"ImageObject","inLanguage":"da-DK","@id":"https:\/\/lemco-mobility.com\/da\/#\/schema\/logo\/image\/","url":"https:\/\/lemco-mobility.com\/wp-content\/uploads\/2021\/12\/Lemco_Logo_RGB_AlmostBlack.webp","contentUrl":"https:\/\/lemco-mobility.com\/wp-content\/uploads\/2021\/12\/Lemco_Logo_RGB_AlmostBlack.webp","width":250,"height":36,"caption":"Lemco mobilitet"},"image":{"@id":"https:\/\/lemco-mobility.com\/da\/#\/schema\/logo\/image\/"},"sameAs":["https:\/\/www.facebook.com\/lemcomobility","https:\/\/m.youtube.com\/channel\/UClAacR9HmcdIoue_NQtX2Ng"]},{"@type":"Person","@id":"https:\/\/lemco-mobility.com\/da\/#\/schema\/person\/5b174944ca10a7fd1a36f6fa00f45a4b","name":"Carsten Lemche","image":{"@type":"ImageObject","inLanguage":"da-DK","@id":"https:\/\/secure.gravatar.com\/avatar\/b243a41f9ce6583bd62f0b0c7aa323f3824a97d024a11f1463613199da7aa7c6?s=96&d=mm&r=g","url":"https:\/\/secure.gravatar.com\/avatar\/b243a41f9ce6583bd62f0b0c7aa323f3824a97d024a11f1463613199da7aa7c6?s=96&d=mm&r=g","contentUrl":"https:\/\/secure.gravatar.com\/avatar\/b243a41f9ce6583bd62f0b0c7aa323f3824a97d024a11f1463613199da7aa7c6?s=96&d=mm&r=g","caption":"Carsten Lemche"},"url":"https:\/\/lemco-mobility.com\/da\/author\/carsten-lemcomobility\/"}]}},"_links":{"self":[{"href":"https:\/\/lemco-mobility.com\/da\/wp-json\/wp\/v2\/posts\/29150","targetHints":{"allow":["GET"]}}],"collection":[{"href":"https:\/\/lemco-mobility.com\/da\/wp-json\/wp\/v2\/posts"}],"about":[{"href":"https:\/\/lemco-mobility.com\/da\/wp-json\/wp\/v2\/types\/post"}],"author":[{"embeddable":true,"href":"https:\/\/lemco-mobility.com\/da\/wp-json\/wp\/v2\/users\/2"}],"replies":[{"embeddable":true,"href":"https:\/\/lemco-mobility.com\/da\/wp-json\/wp\/v2\/comments?post=29150"}],"version-history":[{"count":1,"href":"https:\/\/lemco-mobility.com\/da\/wp-json\/wp\/v2\/posts\/29150\/revisions"}],"predecessor-version":[{"id":29154,"href":"https:\/\/lemco-mobility.com\/da\/wp-json\/wp\/v2\/posts\/29150\/revisions\/29154"}],"wp:featuredmedia":[{"embeddable":true,"href":"https:\/\/lemco-mobility.com\/da\/wp-json\/wp\/v2\/media\/29082"}],"wp:attachment":[{"href":"https:\/\/lemco-mobility.com\/da\/wp-json\/wp\/v2\/media?parent=29150"}],"wp:term":[{"taxonomy":"category","embeddable":true,"href":"https:\/\/lemco-mobility.com\/da\/wp-json\/wp\/v2\/categories?post=29150"},{"taxonomy":"post_tag","embeddable":true,"href":"https:\/\/lemco-mobility.com\/da\/wp-json\/wp\/v2\/tags?post=29150"}],"curies":[{"name":"wp","href":"https:\/\/api.w.org\/{rel}","templated":true}]}}