{"id":29155,"date":"2022-10-04T08:23:29","date_gmt":"2022-10-04T08:23:29","guid":{"rendered":"https:\/\/lemco-mobility.com\/intensiv-rehabilitering-med-combi-bike-plus\/"},"modified":"2025-11-05T11:47:54","modified_gmt":"2025-11-05T11:47:54","slug":"intensiv-rehabilitering-med-combi-bike-plus","status":"publish","type":"post","link":"https:\/\/lemco-mobility.com\/da\/intensiv-rehabilitering-med-combi-bike-plus\/","title":{"rendered":"Intensiv rehabilitering med Combi Bike Plus"},"content":{"rendered":"\t\t<div data-elementor-type=\"wp-post\" data-elementor-id=\"29155\" class=\"elementor elementor-29155 elementor-13920\" data-elementor-post-type=\"post\">\n\t\t\t\t\t\t<section class=\"wd-negative-gap elementor-section elementor-top-section elementor-element elementor-element-658327f5 elementor-section-height-min-height elementor-section-items-stretch elementor-section-stretched elementor-section-full_width elementor-section-height-default\" data-id=\"658327f5\" data-element_type=\"section\" data-e-type=\"section\" data-settings=\"{&quot;background_background&quot;:&quot;video&quot;,&quot;stretch_section&quot;:&quot;section-stretched&quot;,&quot;background_video_start&quot;:20,&quot;background_video_end&quot;:30,&quot;shape_divider_bottom&quot;:&quot;curve&quot;,&quot;shape_divider_bottom_negative&quot;:&quot;yes&quot;,&quot;background_play_once&quot;:&quot;yes&quot;}\">\n\t\t\t\t\t<div class=\"elementor-shape elementor-shape-bottom\" aria-hidden=\"true\" data-negative=\"true\">\n\t\t\t<svg xmlns=\"http:\/\/www.w3.org\/2000\/svg\" viewBox=\"0 0 1000 100\" preserveAspectRatio=\"none\">\n\t<path class=\"elementor-shape-fill\" d=\"M500,97C126.7,96.3,0.8,19.8,0,0v100l1000,0V1C1000,19.4,873.3,97.8,500,97z\"\/>\n<\/svg>\t\t<\/div>\n\t\t\t\t\t<div class=\"elementor-container elementor-column-gap-custom\">\n\t\t\t\t\t<div class=\"elementor-column elementor-col-100 elementor-top-column elementor-element elementor-element-68465f50\" data-id=\"68465f50\" data-element_type=\"column\" data-e-type=\"column\">\n\t\t\t<div class=\"elementor-widget-wrap elementor-element-populated\">\n\t\t\t\t\t\t<div class=\"elementor-element elementor-element-6b19d4d8 elementor-widget elementor-widget-spacer\" data-id=\"6b19d4d8\" data-element_type=\"widget\" data-e-type=\"widget\" data-widget_type=\"spacer.default\">\n\t\t\t\t<div class=\"elementor-widget-container\">\n\t\t\t\t\t\t\t<div class=\"elementor-spacer\">\n\t\t\t<div class=\"elementor-spacer-inner\"><\/div>\n\t\t<\/div>\n\t\t\t\t\t\t<\/div>\n\t\t\t\t<\/div>\n\t\t\t\t\t<\/div>\n\t\t<\/div>\n\t\t\t\t\t<\/div>\n\t\t<\/section>\n\t\t\t\t<section class=\"elementor-section elementor-top-section elementor-element elementor-element-6fb5e84 elementor-section-stretched elementor-section-boxed elementor-section-height-default elementor-section-height-default\" data-id=\"6fb5e84\" data-element_type=\"section\" data-e-type=\"section\" data-settings=\"{&quot;stretch_section&quot;:&quot;section-stretched&quot;,&quot;background_background&quot;:&quot;gradient&quot;}\">\n\t\t\t\t\t\t\t<div class=\"elementor-background-overlay\"><\/div>\n\t\t\t\t\t\t\t<div class=\"elementor-container elementor-column-gap-default\">\n\t\t\t\t\t<div class=\"elementor-column elementor-col-50 elementor-top-column elementor-element elementor-element-7821143\" data-id=\"7821143\" data-element_type=\"column\" data-e-type=\"column\">\n\t\t\t<div class=\"elementor-widget-wrap elementor-element-populated\">\n\t\t\t\t\t\t<div class=\"elementor-element elementor-element-237f882 elementor-widget elementor-widget-heading\" data-id=\"237f882\" data-element_type=\"widget\" data-e-type=\"widget\" data-widget_type=\"heading.default\">\n\t\t\t\t<div class=\"elementor-widget-container\">\n\t\t\t\t\t<h1 class=\"elementor-heading-title elementor-size-default\">Intensiv rehabilitering med Combi Bike Plus<\/h1>\t\t\t\t<\/div>\n\t\t\t\t<\/div>\n\t\t\t\t<div class=\"elementor-element elementor-element-2147dfe elementor-widget elementor-widget-heading\" data-id=\"2147dfe\" data-element_type=\"widget\" data-e-type=\"widget\" data-widget_type=\"heading.default\">\n\t\t\t\t<div class=\"elementor-widget-container\">\n\t\t\t\t\t<h2 class=\"elementor-heading-title elementor-size-default\">Efter indl\u00e6ggelse for tilstande som slagtilf\u00e6lde og brud hj\u00e6lper rehabilitering med Combi Bike Plus patienter med at vende hurtigere tilbage til deres egne hjem. <\/h2>\t\t\t\t<\/div>\n\t\t\t\t<\/div>\n\t\t\t\t<div class=\"elementor-element elementor-element-6a99bac color-scheme-inherit text-left elementor-widget elementor-widget-text-editor\" data-id=\"6a99bac\" data-element_type=\"widget\" data-e-type=\"widget\" data-widget_type=\"text-editor.default\">\n\t\t\t\t<div class=\"elementor-widget-container\">\n\t\t\t\t\t\t\t\t\t<p>Mette Kj\u00e6r Christensen, en fysioterapeut, arbejder p\u00e5 et rehabiliteringscenter i Danmark, hvor folk, der har lidt en hoftebrud, en infektion eller et slagtilf\u00e6lde, ofte bliver indlagt. Beboerne har lidt s\u00e5 alvorligt funktionstab, at hospitalet ikke kan udskrive dem til at bo i deres egne hjem. <\/p><p>&#8211; S\u00e5 unders\u00f8ger vi, om de kan vende tilbage til deres oprindelige funktionsniveau og bo hjemme efter at have modtaget ny tr\u00e6ning. Og hvis ikke, hj\u00e6lper vi dem med at flytte til en mere overskuelig bolig, s\u00e5som et plejehjem eller en \u00e6ldrebolig, siger Mette Kj\u00e6r Christensen. <\/p>\t\t\t\t\t\t\t\t<\/div>\n\t\t\t\t<\/div>\n\t\t\t\t<div class=\"elementor-element elementor-element-e6bebdb elementor-widget elementor-widget-heading\" data-id=\"e6bebdb\" data-element_type=\"widget\" data-e-type=\"widget\" data-widget_type=\"heading.default\">\n\t\t\t\t<div class=\"elementor-widget-container\">\n\t\t\t\t\t<h3 class=\"elementor-heading-title elementor-size-default\">Brugt hele dagen<\/h3>\t\t\t\t<\/div>\n\t\t\t\t<\/div>\n\t\t\t\t<div class=\"elementor-element elementor-element-2f1fd11 color-scheme-inherit text-left elementor-widget elementor-widget-text-editor\" data-id=\"2f1fd11\" data-element_type=\"widget\" data-e-type=\"widget\" data-widget_type=\"text-editor.default\">\n\t\t\t\t<div class=\"elementor-widget-container\">\n\t\t\t\t\t\t\t\t\t<p>Fysioterapi tilbydes i afdelingen og gennem holdtr\u00e6ning i gymnastiksalen, hvor begge har tr\u00e6ningscykler fra Lemco Mobility.<\/p><p>&#8211; Combi Bike Plus er i brug b\u00e5de om morgenen og om eftermiddagen, og beboerne kan lide at bruge den til tr\u00e6ning. De l\u00e6rer, at de er i stand til at \u00e6ndre deres omst\u00e6ndigheder p\u00e5 egen h\u00e5nd, siger hun. <\/p><p>Tr\u00e6ningscyklen, if\u00f8lge Mette Kj\u00e6r Christensen, tilbyder en &#8220;fantastisk&#8221; mulighed for sk\u00e5nsomt at tr\u00e6ne b\u00e5de arme og ben fra en stol eller k\u00f8restol, og du har mulighed for at v\u00e6lge modstanden p\u00e5 en skala fra 0-9.<\/p>\t\t\t\t\t\t\t\t<\/div>\n\t\t\t\t<\/div>\n\t\t\t\t<div class=\"elementor-element elementor-element-27a4626 elementor-widget elementor-widget-heading\" data-id=\"27a4626\" data-element_type=\"widget\" data-e-type=\"widget\" data-widget_type=\"heading.default\">\n\t\t\t\t<div class=\"elementor-widget-container\">\n\t\t\t\t\t<h3 class=\"elementor-heading-title elementor-size-default\">Fremragende fremskridt efter fire uger<\/h3>\t\t\t\t<\/div>\n\t\t\t\t<\/div>\n\t\t\t\t<div class=\"elementor-element elementor-element-2485702 color-scheme-inherit text-left elementor-widget elementor-widget-text-editor\" data-id=\"2485702\" data-element_type=\"widget\" data-e-type=\"widget\" data-widget_type=\"text-editor.default\">\n\t\t\t\t<div class=\"elementor-widget-container\">\n\t\t\t\t\t\t\t\t\t<p>&#8211; Jeg har lige afsluttet et tr\u00e6ningsforl\u00f8b med en mand i 60&#8217;erne, der har h\u00f8jresidig hemiparese p\u00e5 grund af et slagtilf\u00e6lde. Han brugte tr\u00e6ningscyklen og gjorde en fremragende genopretning, siger Mette Kj\u00e6r Christensen. <span class=\"Apple-converted-space\"> <\/span><\/p><p>Beboeren har tr\u00e6net fra en k\u00f8restol med en Combi Bike Plus i gymnastiksalen to gange om ugen og mindst \u00e9n gang om dagen p\u00e5 afdelingen i cirka fire uger.<\/p><p>&#8211; Han er lige blevet overf\u00f8rt ud af min afdeling, fordi han er blevet for god til mig, siger en tilfreds fysioterapeut. Hemiparesen p\u00e5 h\u00f8jre side er mindsket til det punkt, at han kan bev\u00e6ge sin arm og gribe genstande igen, og han kan st\u00e5 p\u00e5 \u00e9t ben &#8211; men endnu ikke g\u00e5, siger hun. <\/p>\t\t\t\t\t\t\t\t<\/div>\n\t\t\t\t<\/div>\n\t\t\t\t<div class=\"elementor-element elementor-element-dc9d552 elementor-widget elementor-widget-heading\" data-id=\"dc9d552\" data-element_type=\"widget\" data-e-type=\"widget\" data-widget_type=\"heading.default\">\n\t\t\t\t<div class=\"elementor-widget-container\">\n\t\t\t\t\t<h3 class=\"elementor-heading-title elementor-size-default\">Tr\u00e6ning gav sikkerhed<\/h3>\t\t\t\t<\/div>\n\t\t\t\t<\/div>\n\t\t\t\t<div class=\"elementor-element elementor-element-1a409ad color-scheme-inherit text-left elementor-widget elementor-widget-text-editor\" data-id=\"1a409ad\" data-element_type=\"widget\" data-e-type=\"widget\" data-widget_type=\"text-editor.default\">\n\t\t\t\t<div class=\"elementor-widget-container\">\n\t\t\t\t\t\t\t\t\t<p>Mette Kj\u00e6r Christensen beskriver ogs\u00e5 en \u00e6ldre let dement kvinde, der var faldet derhjemme og havde ligget ned i et par dage, f\u00f8r hun kom til hospitalet. Fordi hun var bange for at falde igen, bev\u00e6gede hun sig med en usikker gang. <\/p><p>&#8211; Det har v\u00e6ret udfordrende at f\u00e5 kvinden til at tr\u00e6ne. Men nu hvor hun har fundet sin rytme, er Combi Bike Plus et godt valg for hende. Hun tr\u00e6der i pedalerne om morgenen og om eftermiddagen, hvilket har hjulpet hende til at f\u00f8le, at hun kan bev\u00e6ge sin krop igen uden risiko.  <\/p><p>&#8211; Ikke fordi cyklen ikke har gjort sit arbejde, men snarere fordi hun ogs\u00e5 har nogle kognitive vanskeligheder, har hun nu brug for at bo p\u00e5 et plejehjem, siger Mette Kj\u00e6r Christensen. Hun mener, at Combi Bike Plus kan hj\u00e6lpe mange mennesker med demens. <\/p><p>&#8211; Mange beboere kan lide at kunne bev\u00e6ge sig p\u00e5 en m\u00e5de, der efterligner rigtig cykling, da de har gjort det ofte i deres liv, siger Mette Kj\u00e6r Christensen.<\/p>\t\t\t\t\t\t\t\t<\/div>\n\t\t\t\t<\/div>\n\t\t\t\t<div class=\"elementor-element elementor-element-79df05c elementor-widget elementor-widget-heading\" data-id=\"79df05c\" data-element_type=\"widget\" data-e-type=\"widget\" data-widget_type=\"heading.default\">\n\t\t\t\t<div class=\"elementor-widget-container\">\n\t\t\t\t\t<h3 class=\"elementor-heading-title elementor-size-default\">Motivation er afg\u00f8rende<\/h3>\t\t\t\t<\/div>\n\t\t\t\t<\/div>\n\t\t\t\t<div class=\"elementor-element elementor-element-241b9b2 color-scheme-inherit text-left elementor-widget elementor-widget-text-editor\" data-id=\"241b9b2\" data-element_type=\"widget\" data-e-type=\"widget\" data-widget_type=\"text-editor.default\">\n\t\t\t\t<div class=\"elementor-widget-container\">\n\t\t\t\t\t\t\t\t\t<p>&#8211; En beboer p\u00e5 centret bruger normalt Combi Bike Plus i 10-15 minutter ad gangen, men du er velkommen til at bruge den i l\u00e6ngere tid, hvis du har udholdenheden, siger hun. Mette Kj\u00e6r Christensen registrerer ogs\u00e5, hvor langt og med hvor meget modstand en beboer har cyklet. <\/p><p>&#8211; Dette g\u00f8res for at motivere dem. Hvis vi ved, at du cyklede i 10 minutter og tilbagelagde to kilometer i g\u00e5r, s\u00e5 skal du i det mindste cykle den afstand i dag, siger hun. Mette Kj\u00e6r Christensen understreger ogs\u00e5 vigtigheden af at tr\u00e6de i pedalerne med en vis modstand for at \u00f8ge pulsen og \u00f8ge udholdenheden.  <\/p>\t\t\t\t\t\t\t\t<\/div>\n\t\t\t\t<\/div>\n\t\t\t\t<div class=\"elementor-element elementor-element-3176a94 elementor-widget elementor-widget-heading\" data-id=\"3176a94\" data-element_type=\"widget\" data-e-type=\"widget\" data-widget_type=\"heading.default\">\n\t\t\t\t<div class=\"elementor-widget-container\">\n\t\t\t\t\t<h3 class=\"elementor-heading-title elementor-size-default\">Fortsat brug anbefales<\/h3>\t\t\t\t<\/div>\n\t\t\t\t<\/div>\n\t\t\t\t<div class=\"elementor-element elementor-element-fe5dec6 color-scheme-inherit text-left elementor-widget elementor-widget-text-editor\" data-id=\"fe5dec6\" data-element_type=\"widget\" data-e-type=\"widget\" data-widget_type=\"text-editor.default\">\n\t\t\t\t<div class=\"elementor-widget-container\">\n\t\t\t\t\t\t\t\t\t<p>Dagen kommer altid, hvor borgeren skal flytte, og Mette Kj\u00e6r Christensen h\u00e5ber, at borgeren vil v\u00e6re i stand til at forts\u00e6tte deres tr\u00e6ning over tid, uanset om det er i deres nuv\u00e6rende hjem eller et nyt. Og forts\u00e6tte tr\u00e6ningen for at forhindre fremtidige indl\u00e6ggelser. <\/p><p>&#8211; Jeg forventer, at de vil tage imod en anden tr\u00e6ningsmulighed, n\u00e5r de flytter til deres eget hjem. Derudover er jeg opm\u00e6rksom p\u00e5 mange \u00e6ldreplejefaciliteter, der har Combi Bike Plus. Jeg mener, at efter de har nydt at bruge tr\u00e6ningscyklen hos os, b\u00f8r de forts\u00e6tte tr\u00e6ningen med Combi Bike Plus, hvis de har muligheden, siger hun.  <\/p>\t\t\t\t\t\t\t\t<\/div>\n\t\t\t\t<\/div>\n\t\t\t\t\t<\/div>\n\t\t<\/div>\n\t\t\t\t<div class=\"elementor-column elementor-col-50 elementor-top-column elementor-element elementor-element-d29707c\" data-id=\"d29707c\" data-element_type=\"column\" data-e-type=\"column\">\n\t\t\t<div class=\"elementor-widget-wrap elementor-element-populated\">\n\t\t\t\t\t\t<div class=\"elementor-element elementor-element-40f5907 elementor-widget-divider--view-line_text elementor-widget-divider--element-align-left elementor-widget elementor-widget-divider\" data-id=\"40f5907\" data-element_type=\"widget\" data-e-type=\"widget\" data-widget_type=\"divider.default\">\n\t\t\t\t<div class=\"elementor-widget-container\">\n\t\t\t\t\t\t\t<div class=\"elementor-divider\">\n\t\t\t<span class=\"elementor-divider-separator\">\n\t\t\t\t\t\t\t<span class=\"elementor-divider__text elementor-divider__element\">\n\t\t\t\tCombi Bike Plus i brug til rehabilitering\t\t\t\t<\/span>\n\t\t\t\t\t\t<\/span>\n\t\t<\/div>\n\t\t\t\t\t\t<\/div>\n\t\t\t\t<\/div>\n\t\t\t\t<div class=\"elementor-element elementor-element-7444ded elementor-widget elementor-widget-gallery\" data-id=\"7444ded\" data-element_type=\"widget\" data-e-type=\"widget\" data-settings=\"{&quot;columns&quot;:1,&quot;columns_mobile&quot;:2,&quot;gap&quot;:{&quot;unit&quot;:&quot;px&quot;,&quot;size&quot;:30,&quot;sizes&quot;:[]},&quot;image_hover_animation&quot;:&quot;grow&quot;,&quot;aspect_ratio&quot;:&quot;1:1&quot;,&quot;lazyload&quot;:&quot;yes&quot;,&quot;gallery_layout&quot;:&quot;grid&quot;,&quot;columns_tablet&quot;:2,&quot;gap_tablet&quot;:{&quot;unit&quot;:&quot;px&quot;,&quot;size&quot;:10,&quot;sizes&quot;:[]},&quot;gap_mobile&quot;:{&quot;unit&quot;:&quot;px&quot;,&quot;size&quot;:10,&quot;sizes&quot;:[]},&quot;link_to&quot;:&quot;file&quot;,&quot;content_hover_animation&quot;:&quot;fade-in&quot;}\" data-widget_type=\"gallery.default\">\n\t\t\t\t<div class=\"elementor-widget-container\">\n\t\t\t\t\t\t\t<div class=\"elementor-gallery__container\">\n\t\t\t\t\t\t\t<a class=\"e-gallery-item elementor-gallery-item elementor-animated-content\" href=\"https:\/\/lemco-mobility.com\/wp-content\/uploads\/2022\/10\/physiotherapist-at-rehabilitation-center-2.webp\" data-elementor-open-lightbox=\"yes\" data-elementor-lightbox-slideshow=\"7444ded\" data-elementor-lightbox-title=\"fysioterapeut-p\u00e5-rehabiliteringscenter-2\" data-e-action-hash=\"#elementor-action%3Aaction%3Dlightbox%26settings%3DeyJpZCI6MjkxNTcsInVybCI6Imh0dHBzOlwvXC9sZW1jby1tb2JpbGl0eS5jb21cL3dwLWNvbnRlbnRcL3VwbG9hZHNcLzIwMjJcLzEwXC9waHlzaW90aGVyYXBpc3QtYXQtcmVoYWJpbGl0YXRpb24tY2VudGVyLTIud2VicCIsInNsaWRlc2hvdyI6Ijc0NDRkZWQifQ%3D%3D\">\n\t\t\t\t\t<div class=\"e-gallery-image elementor-gallery-item__image\" data-thumbnail=\"https:\/\/lemco-mobility.com\/wp-content\/uploads\/2022\/10\/physiotherapist-at-rehabilitation-center-2-768x1024.webp\" data-width=\"768\" data-height=\"1024\" aria-label=\"\" role=\"img\" ><\/div>\n\t\t\t\t\t\t\t\t\t\t\t\t\t\t<\/a>\n\t\t\t\t\t<\/div>\n\t\t\t\t\t<\/div>\n\t\t\t\t<\/div>\n\t\t\t\t<div class=\"elementor-element elementor-element-8c7d071 color-scheme-inherit text-left elementor-widget elementor-widget-text-editor\" data-id=\"8c7d071\" data-element_type=\"widget\" data-e-type=\"widget\" data-widget_type=\"text-editor.default\">\n\t\t\t\t<div class=\"elementor-widget-container\">\n\t\t\t\t\t\t\t\t\t<p>Fysioterapeut Mette Kj\u00e6r Christensen hj\u00e6lper Erik Sabroe Jensen i gang med Combi Bike Plus.<\/p>\t\t\t\t\t\t\t\t<\/div>\n\t\t\t\t<\/div>\n\t\t\t\t\t<\/div>\n\t\t<\/div>\n\t\t\t\t\t<\/div>\n\t\t<\/section>\n\t\t\t\t<section class=\"elementor-section elementor-top-section elementor-element elementor-element-2ef188ed elementor-section-stretched elementor-section-boxed elementor-section-height-default elementor-section-height-default\" data-id=\"2ef188ed\" data-element_type=\"section\" data-e-type=\"section\" data-settings=\"{&quot;stretch_section&quot;:&quot;section-stretched&quot;,&quot;background_background&quot;:&quot;gradient&quot;}\">\n\t\t\t\t\t\t<div class=\"elementor-container elementor-column-gap-default\">\n\t\t\t\t\t<div class=\"elementor-column elementor-col-100 elementor-top-column elementor-element elementor-element-5f16831d\" data-id=\"5f16831d\" data-element_type=\"column\" data-e-type=\"column\">\n\t\t\t<div class=\"elementor-widget-wrap elementor-element-populated\">\n\t\t\t\t\t\t<div class=\"elementor-element elementor-element-7ccd1c87 elementor-widget-divider--view-line_text elementor-widget-divider--element-align-center elementor-widget elementor-widget-divider\" data-id=\"7ccd1c87\" data-element_type=\"widget\" data-e-type=\"widget\" data-widget_type=\"divider.default\">\n\t\t\t\t<div class=\"elementor-widget-container\">\n\t\t\t\t\t\t\t<div class=\"elementor-divider\">\n\t\t\t<span class=\"elementor-divider-separator\">\n\t\t\t\t\t\t\t<span class=\"elementor-divider__text elementor-divider__element\">\n\t\t\t\tRelaterede cases\t\t\t\t<\/span>\n\t\t\t\t\t\t<\/span>\n\t\t<\/div>\n\t\t\t\t\t\t<\/div>\n\t\t\t\t<\/div>\n\t\t\t\t<div class=\"elementor-element elementor-element-284bd1bf uael-post__news-stack-no elementor-widget elementor-widget-uael-posts\" data-id=\"284bd1bf\" data-element_type=\"widget\" data-e-type=\"widget\" data-settings=\"{&quot;news_slides_to_show&quot;:1,&quot;news_slides_to_show_tablet&quot;:2,&quot;news_slides_to_show_mobile&quot;:1,&quot;news_pagination_type&quot;:&quot;ajax&quot;}\" data-widget_type=\"uael-posts.news\">\n\t\t\t\t<div class=\"elementor-widget-container\">\n\t\t\t\t\t\t\t<div class=\"uael-post__header\">\n\t\t\t\t\t<\/div>\n\t\t<div class=\"uael-post__body\">\n\t\t\t\n\t\t<div class=\"uael-post-image-left uael-post-grid uael-posts uael-post_structure-featured uael-featured_post_structure-\" data-query-type=\"custom\" data-structure=\"featured\" data-layout=\"\" data-page=\"0\" data-skin=\"news\" data-filter-default=\"\" data-offset-top=\"30\" >\n\n\t\t\t\n\n<div class=\"uael-post-wrapper   uael-post-wrapper-featured \u00c6ldrepleje \">\n\t<div class=\"uael-post__bg-wrap\">\n\t\t\n\t\t\n\t\t<div class=\"uael-post__inner-wrap\">\n\n\t\t\t\t<div class=\"uael-post__thumbnail\">\n\t\t\t<a target=\"_self\" href=\"https:\/\/lemco-mobility.com\/da\/mobilitetstraeneren-loesner-en-anspaendt-krop\/\" title=\"Mobilitetstr\u00e6neren l\u00f8sner en ansp\u00e6ndt krop\" style=\"background-image: url(&#039;https:\/\/lemco-mobility.com\/wp-content\/uploads\/2025\/10\/Incredible-performance-with-the-combi-bike-plus-768x576.webp&#039;);\">\n\t\t\t\t\t\t\t\t<\/a>\n\t\t<\/div>\n\t\t\n\t\t\t\n\t\t\t<div class=\"uael-post__content-wrap \">\n\t\t\t\t<div class=\"uael-post__terms-wrap\">\n\t\t\t\t\t<span class=\"uael-post__terms\"><span class=\"uael-listing__terms-link\">\u00c6ldrepleje<\/span><\/span>\t\t\t\t<\/div>\n\t\t\t\t\t<h5 class=\"uael-post__title\">\n\n\t\t\n\t\t\t\t\t\t<a href=\"https:\/\/lemco-mobility.com\/da\/mobilitetstraeneren-loesner-en-anspaendt-krop\/\" target=\"_self\">\n\t\t\t\tMobilitetstr\u00e6neren l\u00f8sner en ansp\u00e6ndt krop\t\t\t<\/a>\n\n\t\t\t\t<\/h5>\n\t\t\n\t\t<div class=\"uael-post__meta-data\">\n\n\t\t\n\t\t<\/div>\n\n\t\t\t\t<div class=\"uael-post__excerpt\">\n\t\t\t<p>Beboerne p\u00e5 Solbjerg Plejehjem forbedrer deres kondition, udholdenhed og mobilitet gennem daglig tr\u00e6ning med Combi Bike Plus fra Lemco Mobility.<\/p>\n\t\t<\/div>\n\t\t\t\t\t<a class=\"uael-post__read-more elementor-button\" href=\"https:\/\/lemco-mobility.com\/da\/mobilitetstraeneren-loesner-en-anspaendt-krop\/\" target=\"_self\" aria-labelledby=\"uael-post-29097\">\n\t\t\t\t\t<span class=\"elementor-button-content-wrapper\">\n\t\t\t\t\t\t\t\t\t\t\t\t\t\t<span class=\"elementor-button-icon elementor-align-icon-left\">\n\n\t\t\t\t\t\t\t\t\t\n\t\t\t\t\t\t\t\t<\/span>\n\t\t\t\t\t\t\t\t\t\t\t\t\t\n\t\t\t\t\t\t<span class=\"elementor-button-text\" id=uael-post-29097>L\u00e6s mere \u2192<\/span>\n\t\t\t\t\t<\/span>\n\t\t\t\t<\/a>\n\t\t\t\t\t\t<\/div>\n\t\t\t\n\t\t<\/div>\n\t\t\n\t<\/div>\n\n<\/div>\n\n\t\t\t\t\t\t<div class=\"uael-post-grid__inner uael-post__columns-1 uael-post__columns-tablet-2 uael-post__columns-mobile-1\">\n\t\t\t\n\n<div class=\"uael-post-wrapper   \u00c6ldrepleje \">\n\t<div class=\"uael-post__bg-wrap\">\n\t\t\n\t\t\n\t\t<div class=\"uael-post__inner-wrap\">\n\n\t\t\t\t<div class=\"uael-post__thumbnail\">\n\t\t\t<a target=\"_self\" href=\"https:\/\/lemco-mobility.com\/da\/perfekt-og-flot-traeningscykel-til-aeldre\/\" title=\"Perfekt og flot tr\u00e6ningscykel til \u00e6ldre\" style=\"background-image: url(&#039;https:\/\/lemco-mobility.com\/wp-content\/uploads\/2022\/11\/Friplejehjemmet_Lillebaelt_thumbnail-768x844.jpg&#039;);\">\n\t\t\t\t\t\t\t\t<\/a>\n\t\t<\/div>\n\t\t\n\t\t\t\n\t\t\t<div class=\"uael-post__content-wrap \">\n\t\t\t\t<div class=\"uael-post__terms-wrap\">\n\t\t\t\t\t<span class=\"uael-post__terms\"><span class=\"uael-listing__terms-link\">\u00c6ldrepleje<\/span><\/span>\t\t\t\t<\/div>\n\t\t\t\t\t<h5 class=\"uael-post__title\">\n\n\t\t\n\t\t\t\t\t\t<a href=\"https:\/\/lemco-mobility.com\/da\/perfekt-og-flot-traeningscykel-til-aeldre\/\" target=\"_self\">\n\t\t\t\tPerfekt og flot tr\u00e6ningscykel til \u00e6ldre\t\t\t<\/a>\n\n\t\t\t\t<\/h5>\n\t\t\t\t\t<div class=\"uael-post__meta-data\">\n\t\t\t\t\t<\/div>\n\t\t\n\t\t<div class=\"uael-post__excerpt\">\n\t\t\tTr\u00e6ning med Combi Bike Plus fra Lemco Mobility bidrager til god fysisk og mental velv\u00e6re blandt beboerne p\u00e5 Friplejehjemmet Lilleb\u00e6lt, DK.\t\t<\/div>\n\n\t\t\t\t\t<a class=\"uael-post__read-more elementor-button\" href=\"https:\/\/lemco-mobility.com\/da\/perfekt-og-flot-traeningscykel-til-aeldre\/\" target=\"_self\" aria-labelledby=\"uael-post-29106\">\n\t\t\t\t\t<span class=\"elementor-button-content-wrapper\">\n\t\t\t\t\t\t\t\t\t\t\t\t\t\t<span class=\"elementor-button-icon elementor-align-icon-left\">\n\n\t\t\t\t\t\t\t\t\t\n\t\t\t\t\t\t\t\t<\/span>\n\t\t\t\t\t\t\t\t\t\t\t\t\t\n\t\t\t\t\t\t<span class=\"elementor-button-text\" id=uael-post-29106>L\u00e6s mere \u2192<\/span>\n\t\t\t\t\t<\/span>\n\t\t\t\t<\/a>\n\t\t\t\t\t\t<\/div>\n\t\t\t\n\t\t<\/div>\n\t\t\n\t<\/div>\n\n<\/div>\n\n\n<div class=\"uael-post-wrapper   \u00c6ldrepleje \">\n\t<div class=\"uael-post__bg-wrap\">\n\t\t\n\t\t\n\t\t<div class=\"uael-post__inner-wrap\">\n\n\t\t\t\t<div class=\"uael-post__thumbnail\">\n\t\t\t<a target=\"_self\" href=\"https:\/\/lemco-mobility.com\/da\/combi-bike-plus-overgaar-motoriserede-traeningscykler\/\" title=\"Combi Bike Plus overg\u00e5r motoriserede tr\u00e6ningscykler\" style=\"background-image: url(&#039;https:\/\/lemco-mobility.com\/wp-content\/uploads\/2022\/10\/physiotherapist-advises-to-exercise-768x512.jpg&#039;);\">\n\t\t\t\t\t\t\t\t<\/a>\n\t\t<\/div>\n\t\t\n\t\t\t\n\t\t\t<div class=\"uael-post__content-wrap \">\n\t\t\t\t<div class=\"uael-post__terms-wrap\">\n\t\t\t\t\t<span class=\"uael-post__terms\"><span class=\"uael-listing__terms-link\">\u00c6ldrepleje<\/span><\/span>\t\t\t\t<\/div>\n\t\t\t\t\t<h5 class=\"uael-post__title\">\n\n\t\t\n\t\t\t\t\t\t<a href=\"https:\/\/lemco-mobility.com\/da\/combi-bike-plus-overgaar-motoriserede-traeningscykler\/\" target=\"_self\">\n\t\t\t\tCombi Bike Plus overg\u00e5r motoriserede tr\u00e6ningscykler\t\t\t<\/a>\n\n\t\t\t\t<\/h5>\n\t\t\t\t\t<div class=\"uael-post__meta-data\">\n\t\t\t\t\t<\/div>\n\t\t\n\t\t<div class=\"uael-post__excerpt\">\n\t\t\tCombi Bike Plus fra Lemco Mobility erstattede en tr\u00e6ningscykel med motor. Dette gav nye muligheder for at tr\u00e6ne flere personer p\u00e5 \u00e6ldrecentret, if\u00f8lge fysioterapeut Martin ...\t\t<\/div>\n\n\t\t\t\t\t<a class=\"uael-post__read-more elementor-button\" href=\"https:\/\/lemco-mobility.com\/da\/combi-bike-plus-overgaar-motoriserede-traeningscykler\/\" target=\"_self\" aria-labelledby=\"uael-post-29148\">\n\t\t\t\t\t<span class=\"elementor-button-content-wrapper\">\n\t\t\t\t\t\t\t\t\t\t\t\t\t\t<span class=\"elementor-button-icon elementor-align-icon-left\">\n\n\t\t\t\t\t\t\t\t\t\n\t\t\t\t\t\t\t\t<\/span>\n\t\t\t\t\t\t\t\t\t\t\t\t\t\n\t\t\t\t\t\t<span class=\"elementor-button-text\" id=uael-post-29148>L\u00e6s mere \u2192<\/span>\n\t\t\t\t\t<\/span>\n\t\t\t\t<\/a>\n\t\t\t\t\t\t<\/div>\n\t\t\t\n\t\t<\/div>\n\t\t\n\t<\/div>\n\n<\/div>\n\n\n<div class=\"uael-post-wrapper   \u00c6ldrepleje \">\n\t<div class=\"uael-post__bg-wrap\">\n\t\t\n\t\t\n\t\t<div class=\"uael-post__inner-wrap\">\n\n\t\t\t\t<div class=\"uael-post__thumbnail\">\n\t\t\t<a target=\"_self\" href=\"https:\/\/lemco-mobility.com\/da\/oeget-gangdistance-ved-brug-af-combi-bike-plus\/\" title=\"\u00d8get gangdistance ved brug af Combi Bike Plus\" style=\"background-image: url(&#039;https:\/\/lemco-mobility.com\/wp-content\/uploads\/2022\/10\/Thumbnail_Praestegarden.jpg&#039;);\">\n\t\t\t\t\t\t\t\t<\/a>\n\t\t<\/div>\n\t\t\n\t\t\t\n\t\t\t<div class=\"uael-post__content-wrap \">\n\t\t\t\t<div class=\"uael-post__terms-wrap\">\n\t\t\t\t\t<span class=\"uael-post__terms\"><span class=\"uael-listing__terms-link\">\u00c6ldrepleje<\/span><\/span>\t\t\t\t<\/div>\n\t\t\t\t\t<h5 class=\"uael-post__title\">\n\n\t\t\n\t\t\t\t\t\t<a href=\"https:\/\/lemco-mobility.com\/da\/oeget-gangdistance-ved-brug-af-combi-bike-plus\/\" target=\"_self\">\n\t\t\t\t\u00d8get gangdistance ved brug af Combi Bike Plus\t\t\t<\/a>\n\n\t\t\t\t<\/h5>\n\t\t\t\t\t<div class=\"uael-post__meta-data\">\n\t\t\t\t\t<\/div>\n\t\t\n\t\t<div class=\"uael-post__excerpt\">\n\t\t\tTr\u00e6ningscyklen Combi Bike Plus er popul\u00e6r blandt beboerne p\u00e5 plejehjemmet Himmelev Gl. Pr\u00e6steg\u00e5rd i Danmark. If\u00f8lge koordinatoren for tr\u00e6ning og aktiviteter forbedrer den beboernes fysiske ...\t\t<\/div>\n\n\t\t\t\t\t<a class=\"uael-post__read-more elementor-button\" href=\"https:\/\/lemco-mobility.com\/da\/oeget-gangdistance-ved-brug-af-combi-bike-plus\/\" target=\"_self\" aria-labelledby=\"uael-post-29163\">\n\t\t\t\t\t<span class=\"elementor-button-content-wrapper\">\n\t\t\t\t\t\t\t\t\t\t\t\t\t\t<span class=\"elementor-button-icon elementor-align-icon-left\">\n\n\t\t\t\t\t\t\t\t\t\n\t\t\t\t\t\t\t\t<\/span>\n\t\t\t\t\t\t\t\t\t\t\t\t\t\n\t\t\t\t\t\t<span class=\"elementor-button-text\" id=uael-post-29163>L\u00e6s mere \u2192<\/span>\n\t\t\t\t\t<\/span>\n\t\t\t\t<\/a>\n\t\t\t\t\t\t<\/div>\n\t\t\t\n\t\t<\/div>\n\t\t\n\t<\/div>\n\n<\/div>\n\t\t\t\t<\/div>\n\t\t\t\n\t\t<\/div>\n\t\t\t\t<\/div>\n\t\t<div class=\"uael-post__footer\">\n\t\t\t\t\t\t<nav class=\"uael-grid-pagination\"  role=\"navigation\" aria-label=\"Pagination\">\n\t\t\t\t<span aria-current=\"page\" class=\"page-numbers current\">1<\/span>\n<a class=\"page-numbers\" href=\"https:\/\/lemco-mobility.com\/da\/wp-json\/wp\/v2\/posts\/29155\/page\/2\/\">2<\/a>\n<a class=\"page-numbers\" href=\"https:\/\/lemco-mobility.com\/da\/wp-json\/wp\/v2\/posts\/29155\/page\/3\/\">3<\/a>\n<a class=\"next page-numbers\" href=\"https:\/\/lemco-mobility.com\/da\/wp-json\/wp\/v2\/posts\/29155\/page\/2\/\">N\u00e6ste &raquo;<\/a>\t\t\t<\/nav>\n\t\t\t\t\t<\/div>\n\t\t\t\t\t\t<\/div>\n\t\t\t\t<\/div>\n\t\t\t\t\t<\/div>\n\t\t<\/div>\n\t\t\t\t\t<\/div>\n\t\t<\/section>\n\t\t\t\t<\/div>\n\t\t","protected":false},"excerpt":{"rendered":"<p>Efter indl\u00e6ggelse for tilstande som slagtilf\u00e6lde og brud hj\u00e6lper rehabilitering med Combi Bike Plus patienter med at vende hurtigere tilbage til deres egne hjem. <\/p>\n","protected":false},"author":3,"featured_media":29156,"comment_status":"closed","ping_status":"open","sticky":false,"template":"elementor_header_footer","format":"standard","meta":{"content-type":"","footnotes":""},"categories":[280],"tags":[],"class_list":["post-29155","post","type-post","status-publish","format-standard","has-post-thumbnail","hentry","category-genoptraening"],"yoast_head":"<!-- This site is optimized with the Yoast SEO Premium plugin v27.5 (Yoast SEO v27.5) - https:\/\/yoast.com\/product\/yoast-seo-premium-wordpress\/ -->\n<title>Intensiv rehabilitering med Combi Bike Plus - LEMCO Mobility<\/title>\n<meta name=\"description\" content=\"Efter indl\u00e6ggelse for f.eks. slagtilf\u00e6lde og brud hj\u00e6lper rehabilitering med Combi Bike Plus patienter med at vende hurtigere hjem.\" \/>\n<meta name=\"robots\" content=\"index, follow, max-snippet:-1, max-image-preview:large, max-video-preview:-1\" \/>\n<link rel=\"canonical\" href=\"https:\/\/lemco-mobility.com\/da\/intensiv-rehabilitering-med-combi-bike-plus\/\" \/>\n<meta property=\"og:locale\" content=\"da_DK\" \/>\n<meta property=\"og:type\" content=\"article\" \/>\n<meta property=\"og:title\" content=\"Intensiv rehabilitering med Combi Bike Plus\" \/>\n<meta property=\"og:description\" content=\"Efter indl\u00e6ggelse for f.eks. slagtilf\u00e6lde og brud hj\u00e6lper rehabilitering med Combi Bike Plus patienter med at vende hurtigere hjem.\" \/>\n<meta property=\"og:url\" content=\"https:\/\/lemco-mobility.com\/da\/intensiv-rehabilitering-med-combi-bike-plus\/\" \/>\n<meta property=\"og:site_name\" content=\"LEMCO Mobility\" \/>\n<meta property=\"article:publisher\" content=\"https:\/\/www.facebook.com\/lemcomobility\" \/>\n<meta property=\"article:published_time\" content=\"2022-10-04T08:23:29+00:00\" \/>\n<meta property=\"article:modified_time\" content=\"2025-11-05T11:47:54+00:00\" \/>\n<meta property=\"og:image\" content=\"https:\/\/lemco-mobility.com\/wp-content\/uploads\/2022\/10\/physiotherapist-at-rehabilitation-center-3.jpg\" \/>\n\t<meta property=\"og:image:width\" content=\"1088\" \/>\n\t<meta property=\"og:image:height\" content=\"1040\" \/>\n\t<meta property=\"og:image:type\" content=\"image\/jpeg\" \/>\n<meta name=\"author\" content=\"Tobias Admin\" \/>\n<meta name=\"twitter:card\" content=\"summary_large_image\" \/>\n<meta name=\"twitter:label1\" content=\"Skrevet af\" \/>\n\t<meta name=\"twitter:data1\" content=\"Tobias Admin\" \/>\n\t<meta name=\"twitter:label2\" content=\"Estimeret l\u00e6setid\" \/>\n\t<meta name=\"twitter:data2\" content=\"5 minutter\" \/>\n<script type=\"application\/ld+json\" class=\"yoast-schema-graph\">{\"@context\":\"https:\\\/\\\/schema.org\",\"@graph\":[{\"@type\":\"Article\",\"@id\":\"https:\\\/\\\/lemco-mobility.com\\\/da\\\/intensiv-rehabilitering-med-combi-bike-plus\\\/#article\",\"isPartOf\":{\"@id\":\"https:\\\/\\\/lemco-mobility.com\\\/da\\\/intensiv-rehabilitering-med-combi-bike-plus\\\/\"},\"author\":{\"name\":\"Tobias Admin\",\"@id\":\"https:\\\/\\\/lemco-mobility.com\\\/da\\\/#\\\/schema\\\/person\\\/984cca5a88177d502c81def783706161\"},\"headline\":\"Intensiv rehabilitering med Combi Bike Plus\",\"datePublished\":\"2022-10-04T08:23:29+00:00\",\"dateModified\":\"2025-11-05T11:47:54+00:00\",\"mainEntityOfPage\":{\"@id\":\"https:\\\/\\\/lemco-mobility.com\\\/da\\\/intensiv-rehabilitering-med-combi-bike-plus\\\/\"},\"wordCount\":970,\"publisher\":{\"@id\":\"https:\\\/\\\/lemco-mobility.com\\\/da\\\/#organization\"},\"image\":{\"@id\":\"https:\\\/\\\/lemco-mobility.com\\\/da\\\/intensiv-rehabilitering-med-combi-bike-plus\\\/#primaryimage\"},\"thumbnailUrl\":\"https:\\\/\\\/lemco-mobility.com\\\/wp-content\\\/uploads\\\/2022\\\/10\\\/physiotherapist-at-rehabilitation-center-3.jpg\",\"articleSection\":[\"Genoptr\u00e6ning\"],\"inLanguage\":\"da-DK\"},{\"@type\":\"WebPage\",\"@id\":\"https:\\\/\\\/lemco-mobility.com\\\/da\\\/intensiv-rehabilitering-med-combi-bike-plus\\\/\",\"url\":\"https:\\\/\\\/lemco-mobility.com\\\/da\\\/intensiv-rehabilitering-med-combi-bike-plus\\\/\",\"name\":\"Intensiv rehabilitering med Combi Bike Plus - LEMCO Mobility\",\"isPartOf\":{\"@id\":\"https:\\\/\\\/lemco-mobility.com\\\/da\\\/#website\"},\"primaryImageOfPage\":{\"@id\":\"https:\\\/\\\/lemco-mobility.com\\\/da\\\/intensiv-rehabilitering-med-combi-bike-plus\\\/#primaryimage\"},\"image\":{\"@id\":\"https:\\\/\\\/lemco-mobility.com\\\/da\\\/intensiv-rehabilitering-med-combi-bike-plus\\\/#primaryimage\"},\"thumbnailUrl\":\"https:\\\/\\\/lemco-mobility.com\\\/wp-content\\\/uploads\\\/2022\\\/10\\\/physiotherapist-at-rehabilitation-center-3.jpg\",\"datePublished\":\"2022-10-04T08:23:29+00:00\",\"dateModified\":\"2025-11-05T11:47:54+00:00\",\"description\":\"Efter indl\u00e6ggelse for f.eks. slagtilf\u00e6lde og brud hj\u00e6lper rehabilitering med Combi Bike Plus patienter med at vende hurtigere hjem.\",\"breadcrumb\":{\"@id\":\"https:\\\/\\\/lemco-mobility.com\\\/da\\\/intensiv-rehabilitering-med-combi-bike-plus\\\/#breadcrumb\"},\"inLanguage\":\"da-DK\",\"potentialAction\":[{\"@type\":\"ReadAction\",\"target\":[\"https:\\\/\\\/lemco-mobility.com\\\/da\\\/intensiv-rehabilitering-med-combi-bike-plus\\\/\"]}]},{\"@type\":\"ImageObject\",\"inLanguage\":\"da-DK\",\"@id\":\"https:\\\/\\\/lemco-mobility.com\\\/da\\\/intensiv-rehabilitering-med-combi-bike-plus\\\/#primaryimage\",\"url\":\"https:\\\/\\\/lemco-mobility.com\\\/wp-content\\\/uploads\\\/2022\\\/10\\\/physiotherapist-at-rehabilitation-center-3.jpg\",\"contentUrl\":\"https:\\\/\\\/lemco-mobility.com\\\/wp-content\\\/uploads\\\/2022\\\/10\\\/physiotherapist-at-rehabilitation-center-3.jpg\",\"width\":1088,\"height\":1040},{\"@type\":\"BreadcrumbList\",\"@id\":\"https:\\\/\\\/lemco-mobility.com\\\/da\\\/intensiv-rehabilitering-med-combi-bike-plus\\\/#breadcrumb\",\"itemListElement\":[{\"@type\":\"ListItem\",\"position\":1,\"name\":\"Home\",\"item\":\"https:\\\/\\\/lemco-mobility.com\\\/da\\\/traeningscykler-til-koerestol-stol-bedbikes-til-hospitalssenge\\\/\"},{\"@type\":\"ListItem\",\"position\":2,\"name\":\"Intensiv rehabilitering med Combi Bike Plus\"}]},{\"@type\":\"WebSite\",\"@id\":\"https:\\\/\\\/lemco-mobility.com\\\/da\\\/#website\",\"url\":\"https:\\\/\\\/lemco-mobility.com\\\/da\\\/\",\"name\":\"LEMCO Mobility\",\"description\":\"Exercisers for Wheelchair and Chair &amp; BedBikes for Hospital beds\",\"publisher\":{\"@id\":\"https:\\\/\\\/lemco-mobility.com\\\/da\\\/#organization\"},\"alternateName\":\"We increase Personal Mobility\",\"potentialAction\":[{\"@type\":\"SearchAction\",\"target\":{\"@type\":\"EntryPoint\",\"urlTemplate\":\"https:\\\/\\\/lemco-mobility.com\\\/da\\\/?s={search_term_string}\"},\"query-input\":{\"@type\":\"PropertyValueSpecification\",\"valueRequired\":true,\"valueName\":\"search_term_string\"}}],\"inLanguage\":\"da-DK\"},{\"@type\":\"Organization\",\"@id\":\"https:\\\/\\\/lemco-mobility.com\\\/da\\\/#organization\",\"name\":\"Lemco mobilitet\",\"url\":\"https:\\\/\\\/lemco-mobility.com\\\/da\\\/\",\"logo\":{\"@type\":\"ImageObject\",\"inLanguage\":\"da-DK\",\"@id\":\"https:\\\/\\\/lemco-mobility.com\\\/da\\\/#\\\/schema\\\/logo\\\/image\\\/\",\"url\":\"https:\\\/\\\/lemco-mobility.com\\\/wp-content\\\/uploads\\\/2021\\\/12\\\/Lemco_Logo_RGB_AlmostBlack.webp\",\"contentUrl\":\"https:\\\/\\\/lemco-mobility.com\\\/wp-content\\\/uploads\\\/2021\\\/12\\\/Lemco_Logo_RGB_AlmostBlack.webp\",\"width\":250,\"height\":36,\"caption\":\"Lemco mobilitet\"},\"image\":{\"@id\":\"https:\\\/\\\/lemco-mobility.com\\\/da\\\/#\\\/schema\\\/logo\\\/image\\\/\"},\"sameAs\":[\"https:\\\/\\\/www.facebook.com\\\/lemcomobility\",\"https:\\\/\\\/m.youtube.com\\\/channel\\\/UClAacR9HmcdIoue_NQtX2Ng\"]},{\"@type\":\"Person\",\"@id\":\"https:\\\/\\\/lemco-mobility.com\\\/da\\\/#\\\/schema\\\/person\\\/984cca5a88177d502c81def783706161\",\"name\":\"Tobias Admin\",\"image\":{\"@type\":\"ImageObject\",\"inLanguage\":\"da-DK\",\"@id\":\"https:\\\/\\\/secure.gravatar.com\\\/avatar\\\/6d472c310252e72112c1dee8bc54d93c2473896a9e51064bf2314f28466df046?s=96&d=mm&r=g\",\"url\":\"https:\\\/\\\/secure.gravatar.com\\\/avatar\\\/6d472c310252e72112c1dee8bc54d93c2473896a9e51064bf2314f28466df046?s=96&d=mm&r=g\",\"contentUrl\":\"https:\\\/\\\/secure.gravatar.com\\\/avatar\\\/6d472c310252e72112c1dee8bc54d93c2473896a9e51064bf2314f28466df046?s=96&d=mm&r=g\",\"caption\":\"Tobias Admin\"},\"url\":\"https:\\\/\\\/lemco-mobility.com\\\/da\\\/author\\\/tobias-jakobsen\\\/\"}]}<\/script>\n<!-- \/ Yoast SEO Premium plugin. -->","yoast_head_json":{"title":"Intensiv rehabilitering med Combi Bike Plus - LEMCO Mobility","description":"Efter indl\u00e6ggelse for f.eks. slagtilf\u00e6lde og brud hj\u00e6lper rehabilitering med Combi Bike Plus patienter med at vende hurtigere hjem.","robots":{"index":"index","follow":"follow","max-snippet":"max-snippet:-1","max-image-preview":"max-image-preview:large","max-video-preview":"max-video-preview:-1"},"canonical":"https:\/\/lemco-mobility.com\/da\/intensiv-rehabilitering-med-combi-bike-plus\/","og_locale":"da_DK","og_type":"article","og_title":"Intensiv rehabilitering med Combi Bike Plus","og_description":"Efter indl\u00e6ggelse for f.eks. slagtilf\u00e6lde og brud hj\u00e6lper rehabilitering med Combi Bike Plus patienter med at vende hurtigere hjem.","og_url":"https:\/\/lemco-mobility.com\/da\/intensiv-rehabilitering-med-combi-bike-plus\/","og_site_name":"LEMCO Mobility","article_publisher":"https:\/\/www.facebook.com\/lemcomobility","article_published_time":"2022-10-04T08:23:29+00:00","article_modified_time":"2025-11-05T11:47:54+00:00","og_image":[{"width":1088,"height":1040,"url":"https:\/\/lemco-mobility.com\/wp-content\/uploads\/2022\/10\/physiotherapist-at-rehabilitation-center-3.jpg","type":"image\/jpeg"}],"author":"Tobias Admin","twitter_card":"summary_large_image","twitter_misc":{"Skrevet af":"Tobias Admin","Estimeret l\u00e6setid":"5 minutter"},"schema":{"@context":"https:\/\/schema.org","@graph":[{"@type":"Article","@id":"https:\/\/lemco-mobility.com\/da\/intensiv-rehabilitering-med-combi-bike-plus\/#article","isPartOf":{"@id":"https:\/\/lemco-mobility.com\/da\/intensiv-rehabilitering-med-combi-bike-plus\/"},"author":{"name":"Tobias Admin","@id":"https:\/\/lemco-mobility.com\/da\/#\/schema\/person\/984cca5a88177d502c81def783706161"},"headline":"Intensiv rehabilitering med Combi Bike Plus","datePublished":"2022-10-04T08:23:29+00:00","dateModified":"2025-11-05T11:47:54+00:00","mainEntityOfPage":{"@id":"https:\/\/lemco-mobility.com\/da\/intensiv-rehabilitering-med-combi-bike-plus\/"},"wordCount":970,"publisher":{"@id":"https:\/\/lemco-mobility.com\/da\/#organization"},"image":{"@id":"https:\/\/lemco-mobility.com\/da\/intensiv-rehabilitering-med-combi-bike-plus\/#primaryimage"},"thumbnailUrl":"https:\/\/lemco-mobility.com\/wp-content\/uploads\/2022\/10\/physiotherapist-at-rehabilitation-center-3.jpg","articleSection":["Genoptr\u00e6ning"],"inLanguage":"da-DK"},{"@type":"WebPage","@id":"https:\/\/lemco-mobility.com\/da\/intensiv-rehabilitering-med-combi-bike-plus\/","url":"https:\/\/lemco-mobility.com\/da\/intensiv-rehabilitering-med-combi-bike-plus\/","name":"Intensiv rehabilitering med Combi Bike Plus - LEMCO Mobility","isPartOf":{"@id":"https:\/\/lemco-mobility.com\/da\/#website"},"primaryImageOfPage":{"@id":"https:\/\/lemco-mobility.com\/da\/intensiv-rehabilitering-med-combi-bike-plus\/#primaryimage"},"image":{"@id":"https:\/\/lemco-mobility.com\/da\/intensiv-rehabilitering-med-combi-bike-plus\/#primaryimage"},"thumbnailUrl":"https:\/\/lemco-mobility.com\/wp-content\/uploads\/2022\/10\/physiotherapist-at-rehabilitation-center-3.jpg","datePublished":"2022-10-04T08:23:29+00:00","dateModified":"2025-11-05T11:47:54+00:00","description":"Efter indl\u00e6ggelse for f.eks. slagtilf\u00e6lde og brud hj\u00e6lper rehabilitering med Combi Bike Plus patienter med at vende hurtigere hjem.","breadcrumb":{"@id":"https:\/\/lemco-mobility.com\/da\/intensiv-rehabilitering-med-combi-bike-plus\/#breadcrumb"},"inLanguage":"da-DK","potentialAction":[{"@type":"ReadAction","target":["https:\/\/lemco-mobility.com\/da\/intensiv-rehabilitering-med-combi-bike-plus\/"]}]},{"@type":"ImageObject","inLanguage":"da-DK","@id":"https:\/\/lemco-mobility.com\/da\/intensiv-rehabilitering-med-combi-bike-plus\/#primaryimage","url":"https:\/\/lemco-mobility.com\/wp-content\/uploads\/2022\/10\/physiotherapist-at-rehabilitation-center-3.jpg","contentUrl":"https:\/\/lemco-mobility.com\/wp-content\/uploads\/2022\/10\/physiotherapist-at-rehabilitation-center-3.jpg","width":1088,"height":1040},{"@type":"BreadcrumbList","@id":"https:\/\/lemco-mobility.com\/da\/intensiv-rehabilitering-med-combi-bike-plus\/#breadcrumb","itemListElement":[{"@type":"ListItem","position":1,"name":"Home","item":"https:\/\/lemco-mobility.com\/da\/traeningscykler-til-koerestol-stol-bedbikes-til-hospitalssenge\/"},{"@type":"ListItem","position":2,"name":"Intensiv rehabilitering med Combi Bike Plus"}]},{"@type":"WebSite","@id":"https:\/\/lemco-mobility.com\/da\/#website","url":"https:\/\/lemco-mobility.com\/da\/","name":"LEMCO Mobility","description":"Exercisers for Wheelchair and Chair &amp; BedBikes for Hospital beds","publisher":{"@id":"https:\/\/lemco-mobility.com\/da\/#organization"},"alternateName":"We increase Personal Mobility","potentialAction":[{"@type":"SearchAction","target":{"@type":"EntryPoint","urlTemplate":"https:\/\/lemco-mobility.com\/da\/?s={search_term_string}"},"query-input":{"@type":"PropertyValueSpecification","valueRequired":true,"valueName":"search_term_string"}}],"inLanguage":"da-DK"},{"@type":"Organization","@id":"https:\/\/lemco-mobility.com\/da\/#organization","name":"Lemco mobilitet","url":"https:\/\/lemco-mobility.com\/da\/","logo":{"@type":"ImageObject","inLanguage":"da-DK","@id":"https:\/\/lemco-mobility.com\/da\/#\/schema\/logo\/image\/","url":"https:\/\/lemco-mobility.com\/wp-content\/uploads\/2021\/12\/Lemco_Logo_RGB_AlmostBlack.webp","contentUrl":"https:\/\/lemco-mobility.com\/wp-content\/uploads\/2021\/12\/Lemco_Logo_RGB_AlmostBlack.webp","width":250,"height":36,"caption":"Lemco mobilitet"},"image":{"@id":"https:\/\/lemco-mobility.com\/da\/#\/schema\/logo\/image\/"},"sameAs":["https:\/\/www.facebook.com\/lemcomobility","https:\/\/m.youtube.com\/channel\/UClAacR9HmcdIoue_NQtX2Ng"]},{"@type":"Person","@id":"https:\/\/lemco-mobility.com\/da\/#\/schema\/person\/984cca5a88177d502c81def783706161","name":"Tobias Admin","image":{"@type":"ImageObject","inLanguage":"da-DK","@id":"https:\/\/secure.gravatar.com\/avatar\/6d472c310252e72112c1dee8bc54d93c2473896a9e51064bf2314f28466df046?s=96&d=mm&r=g","url":"https:\/\/secure.gravatar.com\/avatar\/6d472c310252e72112c1dee8bc54d93c2473896a9e51064bf2314f28466df046?s=96&d=mm&r=g","contentUrl":"https:\/\/secure.gravatar.com\/avatar\/6d472c310252e72112c1dee8bc54d93c2473896a9e51064bf2314f28466df046?s=96&d=mm&r=g","caption":"Tobias Admin"},"url":"https:\/\/lemco-mobility.com\/da\/author\/tobias-jakobsen\/"}]}},"_links":{"self":[{"href":"https:\/\/lemco-mobility.com\/da\/wp-json\/wp\/v2\/posts\/29155","targetHints":{"allow":["GET"]}}],"collection":[{"href":"https:\/\/lemco-mobility.com\/da\/wp-json\/wp\/v2\/posts"}],"about":[{"href":"https:\/\/lemco-mobility.com\/da\/wp-json\/wp\/v2\/types\/post"}],"author":[{"embeddable":true,"href":"https:\/\/lemco-mobility.com\/da\/wp-json\/wp\/v2\/users\/3"}],"replies":[{"embeddable":true,"href":"https:\/\/lemco-mobility.com\/da\/wp-json\/wp\/v2\/comments?post=29155"}],"version-history":[{"count":1,"href":"https:\/\/lemco-mobility.com\/da\/wp-json\/wp\/v2\/posts\/29155\/revisions"}],"predecessor-version":[{"id":29158,"href":"https:\/\/lemco-mobility.com\/da\/wp-json\/wp\/v2\/posts\/29155\/revisions\/29158"}],"wp:featuredmedia":[{"embeddable":true,"href":"https:\/\/lemco-mobility.com\/da\/wp-json\/wp\/v2\/media\/29156"}],"wp:attachment":[{"href":"https:\/\/lemco-mobility.com\/da\/wp-json\/wp\/v2\/media?parent=29155"}],"wp:term":[{"taxonomy":"category","embeddable":true,"href":"https:\/\/lemco-mobility.com\/da\/wp-json\/wp\/v2\/categories?post=29155"},{"taxonomy":"post_tag","embeddable":true,"href":"https:\/\/lemco-mobility.com\/da\/wp-json\/wp\/v2\/tags?post=29155"}],"curies":[{"name":"wp","href":"https:\/\/api.w.org\/{rel}","templated":true}]}}