{"id":29185,"date":"2022-10-14T07:18:20","date_gmt":"2022-10-14T07:18:20","guid":{"rendered":"https:\/\/lemco-mobility.com\/combi-bike-plus-er-utrolig-nem-at-bruge\/"},"modified":"2025-11-05T11:47:57","modified_gmt":"2025-11-05T11:47:57","slug":"combi-bike-plus-er-utrolig-nem-at-bruge","status":"publish","type":"post","link":"https:\/\/lemco-mobility.com\/da\/combi-bike-plus-er-utrolig-nem-at-bruge\/","title":{"rendered":"Combi Bike Plus er utrolig nem at bruge"},"content":{"rendered":"\t\t<div data-elementor-type=\"wp-post\" data-elementor-id=\"29185\" class=\"elementor elementor-29185 elementor-14542\" data-elementor-post-type=\"post\">\n\t\t\t\t\t\t<section class=\"wd-negative-gap elementor-section elementor-top-section elementor-element elementor-element-658327f5 elementor-section-height-min-height elementor-section-items-stretch elementor-section-stretched elementor-section-full_width elementor-section-height-default\" data-id=\"658327f5\" data-element_type=\"section\" data-e-type=\"section\" data-settings=\"{&quot;background_background&quot;:&quot;video&quot;,&quot;stretch_section&quot;:&quot;section-stretched&quot;,&quot;background_video_start&quot;:20,&quot;background_video_end&quot;:30,&quot;shape_divider_bottom&quot;:&quot;curve&quot;,&quot;shape_divider_bottom_negative&quot;:&quot;yes&quot;,&quot;background_play_once&quot;:&quot;yes&quot;}\">\n\t\t\t\t\t<div class=\"elementor-shape elementor-shape-bottom\" aria-hidden=\"true\" data-negative=\"true\">\n\t\t\t<svg xmlns=\"http:\/\/www.w3.org\/2000\/svg\" viewBox=\"0 0 1000 100\" preserveAspectRatio=\"none\">\n\t<path class=\"elementor-shape-fill\" d=\"M500,97C126.7,96.3,0.8,19.8,0,0v100l1000,0V1C1000,19.4,873.3,97.8,500,97z\"\/>\n<\/svg>\t\t<\/div>\n\t\t\t\t\t<div class=\"elementor-container elementor-column-gap-custom\">\n\t\t\t\t\t<div class=\"elementor-column elementor-col-100 elementor-top-column elementor-element elementor-element-68465f50\" data-id=\"68465f50\" data-element_type=\"column\" data-e-type=\"column\">\n\t\t\t<div class=\"elementor-widget-wrap\">\n\t\t\t\t\t\t\t<\/div>\n\t\t<\/div>\n\t\t\t\t\t<\/div>\n\t\t<\/section>\n\t\t\t\t<section class=\"elementor-section elementor-top-section elementor-element elementor-element-6fb5e84 elementor-section-stretched elementor-section-boxed elementor-section-height-default elementor-section-height-default\" data-id=\"6fb5e84\" data-element_type=\"section\" data-e-type=\"section\" data-settings=\"{&quot;stretch_section&quot;:&quot;section-stretched&quot;,&quot;background_background&quot;:&quot;gradient&quot;}\">\n\t\t\t\t\t\t\t<div class=\"elementor-background-overlay\"><\/div>\n\t\t\t\t\t\t\t<div class=\"elementor-container elementor-column-gap-default\">\n\t\t\t\t\t<div class=\"elementor-column elementor-col-50 elementor-top-column elementor-element elementor-element-7821143\" data-id=\"7821143\" data-element_type=\"column\" data-e-type=\"column\">\n\t\t\t<div class=\"elementor-widget-wrap elementor-element-populated\">\n\t\t\t\t\t\t<div class=\"elementor-element elementor-element-237f882 elementor-widget elementor-widget-heading\" data-id=\"237f882\" data-element_type=\"widget\" data-e-type=\"widget\" data-widget_type=\"heading.default\">\n\t\t\t\t<div class=\"elementor-widget-container\">\n\t\t\t\t\t<h1 class=\"elementor-heading-title elementor-size-default\">\"Combi Bike Plus er utrolig nem at bruge\"<\/h1>\t\t\t\t<\/div>\n\t\t\t\t<\/div>\n\t\t\t\t<div class=\"elementor-element elementor-element-2147dfe elementor-widget elementor-widget-heading\" data-id=\"2147dfe\" data-element_type=\"widget\" data-e-type=\"widget\" data-widget_type=\"heading.default\">\n\t\t\t\t<div class=\"elementor-widget-container\">\n\t\t\t\t\t<h2 class=\"elementor-heading-title elementor-size-default\">Mens de tr\u00e6ner med Combi Bike Plus, nyder beboerne p\u00e5 GuldBoSund Plejehjem og Rehabilitering engagerende samtaler med ergoterapeut Rune Nielsen. Tr\u00e6ningscyklen er nem at bruge, og den fungerer godt for \u00e6ldre borgere. <\/h2>\t\t\t\t<\/div>\n\t\t\t\t<\/div>\n\t\t\t\t<div class=\"elementor-element elementor-element-6a99bac color-scheme-inherit text-left elementor-widget elementor-widget-text-editor\" data-id=\"6a99bac\" data-element_type=\"widget\" data-e-type=\"widget\" data-widget_type=\"text-editor.default\">\n\t\t\t\t<div class=\"elementor-widget-container\">\n\t\t\t\t\t\t\t\t\t<p>GuldBoSund Plejehjem og Rehabilitering er privatejet og har 50 beboere fra hele Danmark samt 10 pladser i rehabiliteringsafdelingen til betalende g\u00e6ster. Borgere kommer til genoptr\u00e6ning med blandt andet brud og lammelser, hvor de har behov for rehabilitering. <\/p><p>Beboernes kognitive og fysiske tr\u00e6ning varetages af ergoterapeut Rune Nielsen og en fysioterapeut. De supplerer hinanden og bruger Combi Bike Plus i tr\u00e6ningssessionerne. <\/p><p>GuldBoSund investerede i Combi Bike Plus i 2019, if\u00f8lge Rune Nielsen, som har baggrund inden for hj\u00e6lpemidler. De havde allerede en motoriseret tr\u00e6ningscykel, men efterh\u00e5nden som antallet af beboere steg, var der behov for en anden l\u00f8sning. Efter research p\u00e5 internettet opdagede de tr\u00e6ningscyklen fra Lemco Mobility, som er dansk udviklet teknologi uden motor.  <\/p><p>&#8211; Combi Bike Plus er perfekt egnet til m\u00e5lgruppen af \u00e6ldre, som ofte har en usikker gang, samt personer i k\u00f8restol. Den er ideel til personer, der har behov for rehabilitering og er ogs\u00e5 fremragende til selvtr\u00e6ning. Den \u00e6ldre model med motor er mere &#8220;hospitalsagtig&#8221;, mens Combi Bike Plus er mere tiltalende i designet, siger han.  <\/p>\t\t\t\t\t\t\t\t<\/div>\n\t\t\t\t<\/div>\n\t\t\t\t<div class=\"elementor-element elementor-element-e6bebdb elementor-widget elementor-widget-heading\" data-id=\"e6bebdb\" data-element_type=\"widget\" data-e-type=\"widget\" data-widget_type=\"heading.default\">\n\t\t\t\t<div class=\"elementor-widget-container\">\n\t\t\t\t\t<h3 class=\"elementor-heading-title elementor-size-default\">Styrke, kondition og opvarmning<\/h3>\t\t\t\t<\/div>\n\t\t\t\t<\/div>\n\t\t\t\t<div class=\"elementor-element elementor-element-2f1fd11 color-scheme-inherit text-left elementor-widget elementor-widget-text-editor\" data-id=\"2f1fd11\" data-element_type=\"widget\" data-e-type=\"widget\" data-widget_type=\"text-editor.default\">\n\t\t\t\t<div class=\"elementor-widget-container\">\n\t\t\t\t\t\t\t\t\t<p>Combi Bike Plus er placeret i stueetagen i rehabiliteringsafdelingen. I begyndelsen stod den i motionscentret p\u00e5 f\u00f8rste sal. Men da Corona kom i 2020, blev motionscentret lukket. Rune Nielsen fastsl\u00e5r, at tr\u00e6ningscyklen nu er mere tilg\u00e6ngelig og bliver brugt af flere personer som f\u00f8lge af den nye placering.   <\/p><p>&#8211; Vi begynder med at identificere de unikke tr\u00e6ningsbehov for hver beboer. Vi bruger den typisk til personer, der har behov for b\u00e5de styrke og kondition. Derudover bruger beboerne den som opvarmning til andre \u00f8velser, s\u00e5som gymnastik, siger Rune Nielsen og forts\u00e6tter:  <\/p><p>&#8211; Da modstanden kan gradueres, kan vi tilpasse modstanden til forskellige personer, baseret p\u00e5 deres fysiske form\u00e5en. Armene kan assistere med de cirkul\u00e6re bev\u00e6gelser, hvis brugeren for eksempel har begr\u00e6nset mobilitet i benene, og omvendt. <\/p><p>Tr\u00e6ningscyklen g\u00f8r det enkelt for brugeren at bev\u00e6ge h\u00e6nder og f\u00f8dder i en 360-graders cirkel. Uden uj\u00e6vne rotationsbev\u00e6gelser som med andre tr\u00e6ningscykler, sikrer BEAT-teknologien, at brugeren f\u00e5r et j\u00e6vnt tr\u00e5d i pedalerne. Combi Bike Plus kan bruges af selv beboere, der er sv\u00e6rt lammede, og man kan nemt f\u00f8lge hastighed, tid og distance p\u00e5 tr\u00e6ningscyklens display.  <\/p>\t\t\t\t\t\t\t\t<\/div>\n\t\t\t\t<\/div>\n\t\t\t\t<div class=\"elementor-element elementor-element-27a4626 elementor-widget elementor-widget-heading\" data-id=\"27a4626\" data-element_type=\"widget\" data-e-type=\"widget\" data-widget_type=\"heading.default\">\n\t\t\t\t<div class=\"elementor-widget-container\">\n\t\t\t\t\t<h3 class=\"elementor-heading-title elementor-size-default\">Selvtr\u00e6ning om aftenen og i weekenderne<\/h3>\t\t\t\t<\/div>\n\t\t\t\t<\/div>\n\t\t\t\t<div class=\"elementor-element elementor-element-2485702 color-scheme-inherit text-left elementor-widget elementor-widget-text-editor\" data-id=\"2485702\" data-element_type=\"widget\" data-e-type=\"widget\" data-widget_type=\"text-editor.default\">\n\t\t\t\t<div class=\"elementor-widget-container\">\n\t\t\t\t\t\t\t\t\t<p>&#8211; Hvis vi har en beboer med d\u00e5rlig lungekapacitet, bruger vi Combi Bike Plus til intervaltr\u00e6ning, s\u00e5 beboerens puls stiger og lungerne styrkes, uden at vi presser beboerne for h\u00e5rdt. Det betyder, at beboeren kan g\u00e5 lettere, selv hvis han eller hun har problemer med vejrtr\u00e6kningen, siger Rune Nielsen.  <span class=\"Apple-converted-space\"> <\/span><\/p><p>&#8211; Vi tilbyder b\u00e5de individuel og holdtr\u00e6ning i rehabilitering, og fordi Combi Bike Plus er s\u00e5 nem at bruge, benytter beboerne den ogs\u00e5, n\u00e5r fysioterapien er lukket og i weekenderne. En beboer, der har behov for at forbedre sin balance, styrke og kondition, kan med fordel tr\u00e6ne med Combi Bike Plus p\u00e5 egen h\u00e5nd, siger han. <\/p><p>If\u00f8lge Rune Nielsen er Combi Bike Plus altid i brug, da den tilbyder beboerne forskellige tr\u00e6nings- og motionsmuligheder.<\/p>\t\t\t\t\t\t\t\t<\/div>\n\t\t\t\t<\/div>\n\t\t\t\t<div class=\"elementor-element elementor-element-dc9d552 elementor-widget elementor-widget-heading\" data-id=\"dc9d552\" data-element_type=\"widget\" data-e-type=\"widget\" data-widget_type=\"heading.default\">\n\t\t\t\t<div class=\"elementor-widget-container\">\n\t\t\t\t\t<h3 class=\"elementor-heading-title elementor-size-default\">God til samtaler<\/h3>\t\t\t\t<\/div>\n\t\t\t\t<\/div>\n\t\t\t\t<div class=\"elementor-element elementor-element-1a409ad color-scheme-inherit text-left elementor-widget elementor-widget-text-editor\" data-id=\"1a409ad\" data-element_type=\"widget\" data-e-type=\"widget\" data-widget_type=\"text-editor.default\">\n\t\t\t\t<div class=\"elementor-widget-container\">\n\t\t\t\t\t\t\t\t\t<p>Rune Nielsen begynder et individuelt tr\u00e6ningsforl\u00f8b med at danne sig et billede af beboerens omst\u00e6ndigheder og fysiske form\u00e5en, og derefter tr\u00e6ner beboerne med 20-minutters intervaller. De starter typisk med en modstand p\u00e5 fire og justerer derefter modstanden. Der er nogle gange konkurrencer mellem beboerne, s\u00e6rligt m\u00e6ndene, om hvem der kan k\u00f8re flest kilometer p\u00e5 kortest tid.  <\/p><p>Der er ogs\u00e5 en ekstra fordel ved at bruge en tr\u00e6ningscykel:<\/p><p>&#8211; Som ergoterapeut har jeg mange samtaler med beboerne. Og mens beboerne sidder og tr\u00e6ner med Combi Bike Plus, har jeg ofte gode &#8220;kognitive&#8221; samtaler med dem om deres situation og hvad der sker i deres liv, siger Rune Nielsen. <\/p>\t\t\t\t\t\t\t\t<\/div>\n\t\t\t\t<\/div>\n\t\t\t\t<div class=\"elementor-element elementor-element-1ca336c elementor-widget elementor-widget-heading\" data-id=\"1ca336c\" data-element_type=\"widget\" data-e-type=\"widget\" data-widget_type=\"heading.default\">\n\t\t\t\t<div class=\"elementor-widget-container\">\n\t\t\t\t\t<h3 class=\"elementor-heading-title elementor-size-default\">Hj\u00e6lper med at n\u00e5 m\u00e5lene<\/h3>\t\t\t\t<\/div>\n\t\t\t\t<\/div>\n\t\t\t\t<div class=\"elementor-element elementor-element-839d9dd color-scheme-inherit text-left elementor-widget elementor-widget-text-editor\" data-id=\"839d9dd\" data-element_type=\"widget\" data-e-type=\"widget\" data-widget_type=\"text-editor.default\">\n\t\t\t\t<div class=\"elementor-widget-container\">\n\t\t\t\t\t\t\t\t\t<p>GuldBoSunds mission er at v\u00e6re &#8220;forebyggende, rehabiliterende, livskvalitetsgivende og sundhedsfremmende.&#8221; Og tr\u00e6ningscyklen bidrager til at n\u00e5 m\u00e5lene. <\/p><p>&#8211; Combi Bike Plus yder grundl\u00e6ggende et v\u00e6sentligt bidrag til at n\u00e5 det overordnede m\u00e5l om blandt andet at v\u00e6re rehabiliterende og sundhedsfremmende. Den hj\u00e6lper med at sikre, at beboerne f\u00e5r den tr\u00e6ning, de har behov for. Beboerne har mere frihed, fordi de kan selvtr\u00e6ne, siger Rune Nielsen.  <\/p><p>Det bedste ved Combi Bike Plus?<\/p><p>&#8211; Med Combi Bike Plus kan man tr\u00e6ne hele kroppen. Det faktum, at den er ligetil og nem at bruge, er ogs\u00e5 en k\u00e6mpe fordel for mange \u00e6ldre. Derfor kan jeg nemt anbefale den til m\u00e5lgruppen af \u00e6ldre mennesker, som for eksempel har behov for rehabilitering, siger han.  <\/p>\t\t\t\t\t\t\t\t<\/div>\n\t\t\t\t<\/div>\n\t\t\t\t\t<\/div>\n\t\t<\/div>\n\t\t\t\t<div class=\"elementor-column elementor-col-50 elementor-top-column elementor-element elementor-element-d29707c\" data-id=\"d29707c\" data-element_type=\"column\" data-e-type=\"column\">\n\t\t\t<div class=\"elementor-widget-wrap elementor-element-populated\">\n\t\t\t\t\t\t<div class=\"elementor-element elementor-element-40f5907 elementor-widget-divider--view-line_text elementor-widget-divider--element-align-left elementor-widget elementor-widget-divider\" data-id=\"40f5907\" data-element_type=\"widget\" data-e-type=\"widget\" data-widget_type=\"divider.default\">\n\t\t\t\t<div class=\"elementor-widget-container\">\n\t\t\t\t\t\t\t<div class=\"elementor-divider\">\n\t\t\t<span class=\"elementor-divider-separator\">\n\t\t\t\t\t\t\t<span class=\"elementor-divider__text elementor-divider__element\">\n\t\t\t\tCombi Bike Plus bruges i rehabilitering.\t\t\t\t<\/span>\n\t\t\t\t\t\t<\/span>\n\t\t<\/div>\n\t\t\t\t\t\t<\/div>\n\t\t\t\t<\/div>\n\t\t\t\t<div class=\"elementor-element elementor-element-7444ded elementor-widget elementor-widget-gallery\" data-id=\"7444ded\" data-element_type=\"widget\" data-e-type=\"widget\" data-settings=\"{&quot;columns&quot;:1,&quot;columns_mobile&quot;:2,&quot;gap&quot;:{&quot;unit&quot;:&quot;px&quot;,&quot;size&quot;:20,&quot;sizes&quot;:[]},&quot;image_hover_animation&quot;:&quot;grow&quot;,&quot;aspect_ratio&quot;:&quot;1:1&quot;,&quot;lazyload&quot;:&quot;yes&quot;,&quot;gallery_layout&quot;:&quot;grid&quot;,&quot;columns_tablet&quot;:2,&quot;gap_tablet&quot;:{&quot;unit&quot;:&quot;px&quot;,&quot;size&quot;:10,&quot;sizes&quot;:[]},&quot;gap_mobile&quot;:{&quot;unit&quot;:&quot;px&quot;,&quot;size&quot;:10,&quot;sizes&quot;:[]},&quot;link_to&quot;:&quot;file&quot;,&quot;content_hover_animation&quot;:&quot;fade-in&quot;}\" data-widget_type=\"gallery.default\">\n\t\t\t\t<div class=\"elementor-widget-container\">\n\t\t\t\t\t\t\t<div class=\"elementor-gallery__container\">\n\t\t\t\t\t\t\t<a class=\"e-gallery-item elementor-gallery-item elementor-animated-content\" href=\"https:\/\/lemco-mobility.com\/wp-content\/uploads\/2022\/10\/exerciser-easy-to-use-for-elderly.jpg\" data-elementor-open-lightbox=\"yes\" data-elementor-lightbox-slideshow=\"7444ded\" data-elementor-lightbox-title=\"GuldBoSund_3\" data-e-action-hash=\"#elementor-action%3Aaction%3Dlightbox%26settings%3DeyJpZCI6Mjg2MzUsInVybCI6Imh0dHBzOlwvXC9sZW1jby1tb2JpbGl0eS5jb21cL3dwLWNvbnRlbnRcL3VwbG9hZHNcLzIwMjJcLzEwXC9leGVyY2lzZXItZWFzeS10by11c2UtZm9yLWVsZGVybHkuanBnIiwic2xpZGVzaG93IjoiNzQ0NGRlZCJ9\">\n\t\t\t\t\t<div class=\"e-gallery-image elementor-gallery-item__image\" data-thumbnail=\"https:\/\/lemco-mobility.com\/wp-content\/uploads\/2022\/10\/exerciser-easy-to-use-for-elderly-768x1024.jpg\" data-width=\"768\" data-height=\"1024\" aria-label=\"\" role=\"img\" ><\/div>\n\t\t\t\t\t\t\t\t\t\t\t\t\t\t<\/a>\n\t\t\t\t\t\t\t<a class=\"e-gallery-item elementor-gallery-item elementor-animated-content\" href=\"https:\/\/lemco-mobility.com\/wp-content\/uploads\/2022\/10\/physical-exercise-for-elderly.jpg\" data-elementor-open-lightbox=\"yes\" data-elementor-lightbox-slideshow=\"7444ded\" data-elementor-lightbox-title=\"GuldBoSund_2\" data-e-action-hash=\"#elementor-action%3Aaction%3Dlightbox%26settings%3DeyJpZCI6MjkxODgsInVybCI6Imh0dHBzOlwvXC9sZW1jby1tb2JpbGl0eS5jb21cL3dwLWNvbnRlbnRcL3VwbG9hZHNcLzIwMjJcLzEwXC9waHlzaWNhbC1leGVyY2lzZS1mb3ItZWxkZXJseS5qcGciLCJzbGlkZXNob3ciOiI3NDQ0ZGVkIn0%3D\">\n\t\t\t\t\t<div class=\"e-gallery-image elementor-gallery-item__image\" data-thumbnail=\"https:\/\/lemco-mobility.com\/wp-content\/uploads\/2022\/10\/physical-exercise-for-elderly-768x1024.jpg\" data-width=\"768\" data-height=\"1024\" aria-label=\"\" role=\"img\" ><\/div>\n\t\t\t\t\t\t\t\t\t\t\t\t\t\t<\/a>\n\t\t\t\t\t\t\t<a class=\"e-gallery-item elementor-gallery-item elementor-animated-content\" href=\"https:\/\/lemco-mobility.com\/wp-content\/uploads\/2022\/10\/rehabilitationcenter-stroke.jpg\" data-elementor-open-lightbox=\"yes\" data-elementor-lightbox-slideshow=\"7444ded\" data-elementor-lightbox-title=\"GuldBoSund_1\" data-e-action-hash=\"#elementor-action%3Aaction%3Dlightbox%26settings%3DeyJpZCI6MjkxODksInVybCI6Imh0dHBzOlwvXC9sZW1jby1tb2JpbGl0eS5jb21cL3dwLWNvbnRlbnRcL3VwbG9hZHNcLzIwMjJcLzEwXC9yZWhhYmlsaXRhdGlvbmNlbnRlci1zdHJva2UuanBnIiwic2xpZGVzaG93IjoiNzQ0NGRlZCJ9\">\n\t\t\t\t\t<div class=\"e-gallery-image elementor-gallery-item__image\" data-thumbnail=\"https:\/\/lemco-mobility.com\/wp-content\/uploads\/2022\/10\/rehabilitationcenter-stroke-768x1024.jpg\" data-width=\"768\" data-height=\"1024\" aria-label=\"\" role=\"img\" ><\/div>\n\t\t\t\t\t\t\t\t\t\t\t\t\t\t<\/a>\n\t\t\t\t\t<\/div>\n\t\t\t\t\t<\/div>\n\t\t\t\t<\/div>\n\t\t\t\t<div class=\"elementor-element elementor-element-8c7d071 color-scheme-inherit text-left elementor-widget elementor-widget-text-editor\" data-id=\"8c7d071\" data-element_type=\"widget\" data-e-type=\"widget\" data-widget_type=\"text-editor.default\">\n\t\t\t\t<div class=\"elementor-widget-container\">\n\t\t\t\t\t\t\t\t\t<p>Ergoterapeut Rune Nielsen v\u00e6rds\u00e6tter de gode samtaler, han har med beboerne p\u00e5 GuldBoSund, mens de tr\u00e6ner med Combi Bike Plus. Beboer Ella Margrethe Petersen tr\u00e6ner.  <\/p>\t\t\t\t\t\t\t\t<\/div>\n\t\t\t\t<\/div>\n\t\t\t\t\t<\/div>\n\t\t<\/div>\n\t\t\t\t\t<\/div>\n\t\t<\/section>\n\t\t\t\t<section class=\"elementor-section elementor-top-section elementor-element elementor-element-66095626 elementor-section-stretched elementor-section-boxed elementor-section-height-default elementor-section-height-default\" data-id=\"66095626\" data-element_type=\"section\" data-e-type=\"section\" data-settings=\"{&quot;stretch_section&quot;:&quot;section-stretched&quot;,&quot;background_background&quot;:&quot;gradient&quot;}\">\n\t\t\t\t\t\t<div class=\"elementor-container elementor-column-gap-default\">\n\t\t\t\t\t<div class=\"elementor-column elementor-col-100 elementor-top-column elementor-element elementor-element-692b405d\" data-id=\"692b405d\" data-element_type=\"column\" data-e-type=\"column\">\n\t\t\t<div class=\"elementor-widget-wrap elementor-element-populated\">\n\t\t\t\t\t\t<div class=\"elementor-element elementor-element-f0a5136 elementor-widget-divider--view-line_text elementor-widget-divider--element-align-center elementor-widget elementor-widget-divider\" data-id=\"f0a5136\" data-element_type=\"widget\" data-e-type=\"widget\" data-widget_type=\"divider.default\">\n\t\t\t\t<div class=\"elementor-widget-container\">\n\t\t\t\t\t\t\t<div class=\"elementor-divider\">\n\t\t\t<span class=\"elementor-divider-separator\">\n\t\t\t\t\t\t\t<span class=\"elementor-divider__text elementor-divider__element\">\n\t\t\t\tRelaterede cases\t\t\t\t<\/span>\n\t\t\t\t\t\t<\/span>\n\t\t<\/div>\n\t\t\t\t\t\t<\/div>\n\t\t\t\t<\/div>\n\t\t\t\t<div class=\"elementor-element elementor-element-3090be54 uael-post__news-stack-no elementor-widget elementor-widget-uael-posts\" data-id=\"3090be54\" data-element_type=\"widget\" data-e-type=\"widget\" data-settings=\"{&quot;news_slides_to_show&quot;:1,&quot;news_slides_to_show_tablet&quot;:2,&quot;news_slides_to_show_mobile&quot;:1,&quot;news_pagination_type&quot;:&quot;ajax&quot;}\" data-widget_type=\"uael-posts.news\">\n\t\t\t\t<div class=\"elementor-widget-container\">\n\t\t\t\t\t\t\t<div class=\"uael-post__header\">\n\t\t\t\t\t<\/div>\n\t\t<div class=\"uael-post__body\">\n\t\t\t\n\t\t<div class=\"uael-post-image-left uael-post-grid uael-posts uael-post_structure-featured uael-featured_post_structure-\" data-query-type=\"custom\" data-structure=\"featured\" data-layout=\"\" data-page=\"0\" data-skin=\"news\" data-filter-default=\"\" data-offset-top=\"30\" >\n\n\t\t\t\n\n<div class=\"uael-post-wrapper   uael-post-wrapper-featured genoptr\u00e6ning hjemmebrug skader stroke \">\n\t<div class=\"uael-post__bg-wrap\">\n\t\t\n\t\t\n\t\t<div class=\"uael-post__inner-wrap\">\n\n\t\t\t\t<div class=\"uael-post__thumbnail\">\n\t\t\t<a target=\"_self\" href=\"https:\/\/lemco-mobility.com\/da\/sengerehabilitering-med-bedbike-traeningscykel\/\" title=\"Sengerehabilitering med BedBike tr\u00e6ningscykel\" style=\"background-image: url(&#039;https:\/\/lemco-mobility.com\/wp-content\/uploads\/2024\/09\/bedcycle-in-bed-exercsie-scaled-1.webp&#039;);\">\n\t\t\t\t\t\t\t\t<\/a>\n\t\t<\/div>\n\t\t\n\t\t\t\n\t\t\t<div class=\"uael-post__content-wrap \">\n\t\t\t\t<div class=\"uael-post__terms-wrap\">\n\t\t\t\t\t<span class=\"uael-post__terms\"><span class=\"uael-listing__terms-link\">Genoptr\u00e6ning<\/span><\/span>\t\t\t\t<\/div>\n\t\t\t\t\t<h5 class=\"uael-post__title\">\n\n\t\t\n\t\t\t\t\t\t<a href=\"https:\/\/lemco-mobility.com\/da\/sengerehabilitering-med-bedbike-traeningscykel\/\" target=\"_self\">\n\t\t\t\tSengerehabilitering med BedBike tr\u00e6ningscykel\t\t\t<\/a>\n\n\t\t\t\t<\/h5>\n\t\t\n\t\t<div class=\"uael-post__meta-data\">\n\n\t\t\n\t\t<\/div>\n\n\t\t\t\t<div class=\"uael-post__excerpt\">\n\t\t\t<p>Lars har haft stor gavn af Lemcos BedBike med specielle pedaler i sin rehabiliteringsproces efter et l\u00e6ngerevarende hospitalsophold.<\/p>\n\t\t<\/div>\n\t\t\t\t\t<a class=\"uael-post__read-more elementor-button\" href=\"https:\/\/lemco-mobility.com\/da\/sengerehabilitering-med-bedbike-traeningscykel\/\" target=\"_self\" aria-labelledby=\"uael-post-29046\">\n\t\t\t\t\t<span class=\"elementor-button-content-wrapper\">\n\t\t\t\t\t\t\t\t\t\t\t\t\t\t<span class=\"elementor-button-icon elementor-align-icon-left\">\n\n\t\t\t\t\t\t\t\t\t\n\t\t\t\t\t\t\t\t<\/span>\n\t\t\t\t\t\t\t\t\t\t\t\t\t\n\t\t\t\t\t\t<span class=\"elementor-button-text\" id=uael-post-29046>L\u00e6s mere \u2192<\/span>\n\t\t\t\t\t<\/span>\n\t\t\t\t<\/a>\n\t\t\t\t\t\t<\/div>\n\t\t\t\n\t\t<\/div>\n\t\t\n\t<\/div>\n\n<\/div>\n\n\t\t\t\t\t\t<div class=\"uael-post-grid__inner uael-post__columns-1 uael-post__columns-tablet-2 uael-post__columns-mobile-1\">\n\t\t\t\n\n<div class=\"uael-post-wrapper   hemiplegi hjemmebrug stroke sygdomme-&amp;-skader \">\n\t<div class=\"uael-post__bg-wrap\">\n\t\t\n\t\t\n\t\t<div class=\"uael-post__inner-wrap\">\n\n\t\t\t\t<div class=\"uael-post__thumbnail\">\n\t\t\t<a target=\"_self\" href=\"https:\/\/lemco-mobility.com\/da\/combi-bike-plus-gav-resultater-paa-kun-ni-dage\/\" title=\"Combi Bike Plus gav resultater p\u00e5 kun ni dage\" style=\"background-image: url(&#039;https:\/\/lemco-mobility.com\/wp-content\/uploads\/2022\/10\/stroke-wheelchair-thumbnail-768x756.jpg&#039;);\">\n\t\t\t\t\t\t\t\t<\/a>\n\t\t<\/div>\n\t\t\n\t\t\t\n\t\t\t<div class=\"uael-post__content-wrap \">\n\t\t\t\t<div class=\"uael-post__terms-wrap\">\n\t\t\t\t\t<span class=\"uael-post__terms\"><span class=\"uael-listing__terms-link\">Hemiplegi<\/span><\/span>\t\t\t\t<\/div>\n\t\t\t\t\t<h5 class=\"uael-post__title\">\n\n\t\t\n\t\t\t\t\t\t<a href=\"https:\/\/lemco-mobility.com\/da\/combi-bike-plus-gav-resultater-paa-kun-ni-dage\/\" target=\"_self\">\n\t\t\t\tCombi Bike Plus gav resultater p\u00e5 kun ni dage\t\t\t<\/a>\n\n\t\t\t\t<\/h5>\n\t\t\t\t\t<div class=\"uael-post__meta-data\">\n\t\t\t\t\t<\/div>\n\t\t\n\t\t<div class=\"uael-post__excerpt\">\n\t\t\tKirsten Houmann blev lammet p\u00e5 venstre side p\u00e5 grund af stroke. Men tr\u00e6ning med en Combi Bike Plus fra Lemco Mobility, som er designet til ...\t\t<\/div>\n\n\t\t\t\t\t<a class=\"uael-post__read-more elementor-button\" href=\"https:\/\/lemco-mobility.com\/da\/combi-bike-plus-gav-resultater-paa-kun-ni-dage\/\" target=\"_self\" aria-labelledby=\"uael-post-29160\">\n\t\t\t\t\t<span class=\"elementor-button-content-wrapper\">\n\t\t\t\t\t\t\t\t\t\t\t\t\t\t<span class=\"elementor-button-icon elementor-align-icon-left\">\n\n\t\t\t\t\t\t\t\t\t\n\t\t\t\t\t\t\t\t<\/span>\n\t\t\t\t\t\t\t\t\t\t\t\t\t\n\t\t\t\t\t\t<span class=\"elementor-button-text\" id=uael-post-29160>L\u00e6s mere \u2192<\/span>\n\t\t\t\t\t<\/span>\n\t\t\t\t<\/a>\n\t\t\t\t\t\t<\/div>\n\t\t\t\n\t\t<\/div>\n\t\t\n\t<\/div>\n\n<\/div>\n\n\n<div class=\"uael-post-wrapper   stroke \">\n\t<div class=\"uael-post__bg-wrap\">\n\t\t\n\t\t\n\t\t<div class=\"uael-post__inner-wrap\">\n\n\t\t\t\t<div class=\"uael-post__thumbnail\">\n\t\t\t<a target=\"_self\" href=\"https:\/\/lemco-mobility.com\/da\/hemiplegi-hvordan-man-traener\/\" title=\"Hemiplegi &#8211; hvordan man tr\u00e6ner\" style=\"background-image: url(&#039;https:\/\/lemco-mobility.com\/wp-content\/uploads\/2022\/04\/Hemiplegic-exercise-wheelchair-combi-bike-plus-768x432.webp&#039;);\">\n\t\t\t\t\t\t\t\t<\/a>\n\t\t<\/div>\n\t\t\n\t\t\t\n\t\t\t<div class=\"uael-post__content-wrap \">\n\t\t\t\t<div class=\"uael-post__terms-wrap\">\n\t\t\t\t\t<span class=\"uael-post__terms\"><span class=\"uael-listing__terms-link\">Stroke<\/span><\/span>\t\t\t\t<\/div>\n\t\t\t\t\t<h5 class=\"uael-post__title\">\n\n\t\t\n\t\t\t\t\t\t<a href=\"https:\/\/lemco-mobility.com\/da\/hemiplegi-hvordan-man-traener\/\" target=\"_self\">\n\t\t\t\tHemiplegi &#8211; hvordan man tr\u00e6ner\t\t\t<\/a>\n\n\t\t\t\t<\/h5>\n\t\t\t\t\t<div class=\"uael-post__meta-data\">\n\t\t\t\t\t<\/div>\n\t\t\n\t\t<div class=\"uael-post__excerpt\">\n\t\t\tVores BEAT-teknologi g\u00f8r det muligt for personer med hemiplegi at tr\u00e6ne - med deres egen kraft\t\t<\/div>\n\n\t\t\t\t\t<a class=\"uael-post__read-more elementor-button\" href=\"https:\/\/lemco-mobility.com\/da\/hemiplegi-hvordan-man-traener\/\" target=\"_self\" aria-labelledby=\"uael-post-29301\">\n\t\t\t\t\t<span class=\"elementor-button-content-wrapper\">\n\t\t\t\t\t\t\t\t\t\t\t\t\t\t<span class=\"elementor-button-icon elementor-align-icon-left\">\n\n\t\t\t\t\t\t\t\t\t\n\t\t\t\t\t\t\t\t<\/span>\n\t\t\t\t\t\t\t\t\t\t\t\t\t\n\t\t\t\t\t\t<span class=\"elementor-button-text\" id=uael-post-29301>L\u00e6s mere \u2192<\/span>\n\t\t\t\t\t<\/span>\n\t\t\t\t<\/a>\n\t\t\t\t\t\t<\/div>\n\t\t\t\n\t\t<\/div>\n\t\t\n\t<\/div>\n\n<\/div>\n\n\n<div class=\"uael-post-wrapper   hemiplegi stroke \">\n\t<div class=\"uael-post__bg-wrap\">\n\t\t\n\t\t\n\t\t<div class=\"uael-post__inner-wrap\">\n\n\t\t\t\t<div class=\"uael-post__thumbnail\">\n\t\t\t<a target=\"_self\" href=\"https:\/\/lemco-mobility.com\/da\/72-aarig-hemiplegiker\/\" title=\"72-\u00e5rig hemiplegiker\" style=\"background-image: url(&#039;https:\/\/lemco-mobility.com\/wp-content\/uploads\/2022\/04\/Elderly-hemiplegic-exercise-combi-bike-plus-pedal-exerciser.webp&#039;);\">\n\t\t\t\t\t\t\t\t<\/a>\n\t\t<\/div>\n\t\t\n\t\t\t\n\t\t\t<div class=\"uael-post__content-wrap \">\n\t\t\t\t<div class=\"uael-post__terms-wrap\">\n\t\t\t\t\t<span class=\"uael-post__terms\"><span class=\"uael-listing__terms-link\">Hemiplegi<\/span><\/span>\t\t\t\t<\/div>\n\t\t\t\t\t<h5 class=\"uael-post__title\">\n\n\t\t\n\t\t\t\t\t\t<a href=\"https:\/\/lemco-mobility.com\/da\/72-aarig-hemiplegiker\/\" target=\"_self\">\n\t\t\t\t72-\u00e5rig hemiplegiker\t\t\t<\/a>\n\n\t\t\t\t<\/h5>\n\t\t\t\t\t<div class=\"uael-post__meta-data\">\n\t\t\t\t\t<\/div>\n\t\t\n\t\t<div class=\"uael-post__excerpt\">\n\t\t\tSom 72-\u00e5rig fik jeg et slagtilf\u00e6lde. P\u00e5 hospitalet fik jeg akut behandling, og de stabiliserede mig. Jeg tilbragte 2 m\u00e5neder i rehabilitering, men da jeg ...\t\t<\/div>\n\n\t\t\t\t\t<a class=\"uael-post__read-more elementor-button\" href=\"https:\/\/lemco-mobility.com\/da\/72-aarig-hemiplegiker\/\" target=\"_self\" aria-labelledby=\"uael-post-29355\">\n\t\t\t\t\t<span class=\"elementor-button-content-wrapper\">\n\t\t\t\t\t\t\t\t\t\t\t\t\t\t<span class=\"elementor-button-icon elementor-align-icon-left\">\n\n\t\t\t\t\t\t\t\t\t\n\t\t\t\t\t\t\t\t<\/span>\n\t\t\t\t\t\t\t\t\t\t\t\t\t\n\t\t\t\t\t\t<span class=\"elementor-button-text\" id=uael-post-29355>L\u00e6s mere \u2192<\/span>\n\t\t\t\t\t<\/span>\n\t\t\t\t<\/a>\n\t\t\t\t\t\t<\/div>\n\t\t\t\n\t\t<\/div>\n\t\t\n\t<\/div>\n\n<\/div>\n\t\t\t\t<\/div>\n\t\t\t\n\t\t<\/div>\n\t\t\t\t<\/div>\n\t\t<div class=\"uael-post__footer\">\n\t\t\t\t\t<\/div>\n\t\t\t\t\t\t<\/div>\n\t\t\t\t<\/div>\n\t\t\t\t\t<\/div>\n\t\t<\/div>\n\t\t\t\t\t<\/div>\n\t\t<\/section>\n\t\t\t\t<\/div>\n\t\t","protected":false},"excerpt":{"rendered":"<p>Mens de tr\u00e6ner med Combi Bike Plus, nyder beboerne p\u00e5 GuldBoSund Plejehjem og Rehabilitering engagerende samtaler med ergoterapeut Rune Nielsen. Tr\u00e6ningscyklen er nem at bruge, og den fungerer godt for \u00e6ldre borgere. <\/p>\n","protected":false},"author":2,"featured_media":29186,"comment_status":"closed","ping_status":"open","sticky":false,"template":"elementor_header_footer","format":"standard","meta":{"content-type":"","footnotes":""},"categories":[280],"tags":[],"class_list":["post-29185","post","type-post","status-publish","format-standard","has-post-thumbnail","hentry","category-genoptraening"],"yoast_head":"<!-- This site is optimized with the Yoast SEO Premium plugin v27.5 (Yoast SEO v27.5) - https:\/\/yoast.com\/product\/yoast-seo-premium-wordpress\/ -->\n<title>Combi Bike Plus er utrolig nem at bruge - LEMCO Mobility<\/title>\n<meta name=\"description\" content=\"Med Combi Bike Plus nyder beboerne p\u00e5 GuldBoSund Plejehjem og Rehabilitering engagerende samtaler med ergoterapeut Rune Nielsen.\" \/>\n<meta name=\"robots\" content=\"index, follow, max-snippet:-1, max-image-preview:large, max-video-preview:-1\" \/>\n<link rel=\"canonical\" href=\"https:\/\/lemco-mobility.com\/da\/combi-bike-plus-er-utrolig-nem-at-bruge\/\" \/>\n<meta property=\"og:locale\" content=\"da_DK\" \/>\n<meta property=\"og:type\" content=\"article\" \/>\n<meta property=\"og:title\" content=\"Combi Bike Plus er utrolig nem at bruge\" \/>\n<meta property=\"og:description\" content=\"Med Combi Bike Plus nyder beboerne p\u00e5 GuldBoSund Plejehjem og Rehabilitering engagerende samtaler med ergoterapeut Rune Nielsen.\" \/>\n<meta property=\"og:url\" content=\"https:\/\/lemco-mobility.com\/da\/combi-bike-plus-er-utrolig-nem-at-bruge\/\" \/>\n<meta property=\"og:site_name\" content=\"LEMCO Mobility\" \/>\n<meta property=\"article:publisher\" content=\"https:\/\/www.facebook.com\/lemcomobility\" \/>\n<meta property=\"article:published_time\" content=\"2022-10-14T07:18:20+00:00\" \/>\n<meta property=\"article:modified_time\" content=\"2025-11-05T11:47:57+00:00\" \/>\n<meta property=\"og:image\" content=\"https:\/\/lemco-mobility.com\/wp-content\/uploads\/2022\/10\/GuldBoSund_Thumbnail.jpg\" \/>\n\t<meta property=\"og:image:width\" content=\"900\" \/>\n\t<meta property=\"og:image:height\" content=\"863\" \/>\n\t<meta property=\"og:image:type\" content=\"image\/jpeg\" \/>\n<meta name=\"author\" content=\"Carsten Lemche\" \/>\n<meta name=\"twitter:card\" content=\"summary_large_image\" \/>\n<meta name=\"twitter:label1\" content=\"Skrevet af\" \/>\n\t<meta name=\"twitter:data1\" content=\"Carsten Lemche\" \/>\n\t<meta name=\"twitter:label2\" content=\"Estimeret l\u00e6setid\" \/>\n\t<meta name=\"twitter:data2\" content=\"5 minutter\" \/>\n<script type=\"application\/ld+json\" class=\"yoast-schema-graph\">{\"@context\":\"https:\\\/\\\/schema.org\",\"@graph\":[{\"@type\":\"Article\",\"@id\":\"https:\\\/\\\/lemco-mobility.com\\\/da\\\/combi-bike-plus-er-utrolig-nem-at-bruge\\\/#article\",\"isPartOf\":{\"@id\":\"https:\\\/\\\/lemco-mobility.com\\\/da\\\/combi-bike-plus-er-utrolig-nem-at-bruge\\\/\"},\"author\":{\"name\":\"Carsten Lemche\",\"@id\":\"https:\\\/\\\/lemco-mobility.com\\\/da\\\/#\\\/schema\\\/person\\\/5b174944ca10a7fd1a36f6fa00f45a4b\"},\"headline\":\"Combi Bike Plus er utrolig nem at bruge\",\"datePublished\":\"2022-10-14T07:18:20+00:00\",\"dateModified\":\"2025-11-05T11:47:57+00:00\",\"mainEntityOfPage\":{\"@id\":\"https:\\\/\\\/lemco-mobility.com\\\/da\\\/combi-bike-plus-er-utrolig-nem-at-bruge\\\/\"},\"wordCount\":1005,\"publisher\":{\"@id\":\"https:\\\/\\\/lemco-mobility.com\\\/da\\\/#organization\"},\"image\":{\"@id\":\"https:\\\/\\\/lemco-mobility.com\\\/da\\\/combi-bike-plus-er-utrolig-nem-at-bruge\\\/#primaryimage\"},\"thumbnailUrl\":\"https:\\\/\\\/lemco-mobility.com\\\/wp-content\\\/uploads\\\/2022\\\/10\\\/GuldBoSund_Thumbnail.jpg\",\"articleSection\":[\"Genoptr\u00e6ning\"],\"inLanguage\":\"da-DK\"},{\"@type\":\"WebPage\",\"@id\":\"https:\\\/\\\/lemco-mobility.com\\\/da\\\/combi-bike-plus-er-utrolig-nem-at-bruge\\\/\",\"url\":\"https:\\\/\\\/lemco-mobility.com\\\/da\\\/combi-bike-plus-er-utrolig-nem-at-bruge\\\/\",\"name\":\"Combi Bike Plus er utrolig nem at bruge - LEMCO Mobility\",\"isPartOf\":{\"@id\":\"https:\\\/\\\/lemco-mobility.com\\\/da\\\/#website\"},\"primaryImageOfPage\":{\"@id\":\"https:\\\/\\\/lemco-mobility.com\\\/da\\\/combi-bike-plus-er-utrolig-nem-at-bruge\\\/#primaryimage\"},\"image\":{\"@id\":\"https:\\\/\\\/lemco-mobility.com\\\/da\\\/combi-bike-plus-er-utrolig-nem-at-bruge\\\/#primaryimage\"},\"thumbnailUrl\":\"https:\\\/\\\/lemco-mobility.com\\\/wp-content\\\/uploads\\\/2022\\\/10\\\/GuldBoSund_Thumbnail.jpg\",\"datePublished\":\"2022-10-14T07:18:20+00:00\",\"dateModified\":\"2025-11-05T11:47:57+00:00\",\"description\":\"Med Combi Bike Plus nyder beboerne p\u00e5 GuldBoSund Plejehjem og Rehabilitering engagerende samtaler med ergoterapeut Rune Nielsen.\",\"breadcrumb\":{\"@id\":\"https:\\\/\\\/lemco-mobility.com\\\/da\\\/combi-bike-plus-er-utrolig-nem-at-bruge\\\/#breadcrumb\"},\"inLanguage\":\"da-DK\",\"potentialAction\":[{\"@type\":\"ReadAction\",\"target\":[\"https:\\\/\\\/lemco-mobility.com\\\/da\\\/combi-bike-plus-er-utrolig-nem-at-bruge\\\/\"]}]},{\"@type\":\"ImageObject\",\"inLanguage\":\"da-DK\",\"@id\":\"https:\\\/\\\/lemco-mobility.com\\\/da\\\/combi-bike-plus-er-utrolig-nem-at-bruge\\\/#primaryimage\",\"url\":\"https:\\\/\\\/lemco-mobility.com\\\/wp-content\\\/uploads\\\/2022\\\/10\\\/GuldBoSund_Thumbnail.jpg\",\"contentUrl\":\"https:\\\/\\\/lemco-mobility.com\\\/wp-content\\\/uploads\\\/2022\\\/10\\\/GuldBoSund_Thumbnail.jpg\",\"width\":900,\"height\":863},{\"@type\":\"BreadcrumbList\",\"@id\":\"https:\\\/\\\/lemco-mobility.com\\\/da\\\/combi-bike-plus-er-utrolig-nem-at-bruge\\\/#breadcrumb\",\"itemListElement\":[{\"@type\":\"ListItem\",\"position\":1,\"name\":\"Home\",\"item\":\"https:\\\/\\\/lemco-mobility.com\\\/da\\\/traeningscykler-til-koerestol-stol-bedbikes-til-hospitalssenge\\\/\"},{\"@type\":\"ListItem\",\"position\":2,\"name\":\"Combi Bike Plus er utrolig nem at bruge\"}]},{\"@type\":\"WebSite\",\"@id\":\"https:\\\/\\\/lemco-mobility.com\\\/da\\\/#website\",\"url\":\"https:\\\/\\\/lemco-mobility.com\\\/da\\\/\",\"name\":\"LEMCO Mobility\",\"description\":\"Exercisers for Wheelchair and Chair &amp; BedBikes for Hospital beds\",\"publisher\":{\"@id\":\"https:\\\/\\\/lemco-mobility.com\\\/da\\\/#organization\"},\"alternateName\":\"We increase Personal Mobility\",\"potentialAction\":[{\"@type\":\"SearchAction\",\"target\":{\"@type\":\"EntryPoint\",\"urlTemplate\":\"https:\\\/\\\/lemco-mobility.com\\\/da\\\/?s={search_term_string}\"},\"query-input\":{\"@type\":\"PropertyValueSpecification\",\"valueRequired\":true,\"valueName\":\"search_term_string\"}}],\"inLanguage\":\"da-DK\"},{\"@type\":\"Organization\",\"@id\":\"https:\\\/\\\/lemco-mobility.com\\\/da\\\/#organization\",\"name\":\"Lemco mobilitet\",\"url\":\"https:\\\/\\\/lemco-mobility.com\\\/da\\\/\",\"logo\":{\"@type\":\"ImageObject\",\"inLanguage\":\"da-DK\",\"@id\":\"https:\\\/\\\/lemco-mobility.com\\\/da\\\/#\\\/schema\\\/logo\\\/image\\\/\",\"url\":\"https:\\\/\\\/lemco-mobility.com\\\/wp-content\\\/uploads\\\/2021\\\/12\\\/Lemco_Logo_RGB_AlmostBlack.webp\",\"contentUrl\":\"https:\\\/\\\/lemco-mobility.com\\\/wp-content\\\/uploads\\\/2021\\\/12\\\/Lemco_Logo_RGB_AlmostBlack.webp\",\"width\":250,\"height\":36,\"caption\":\"Lemco mobilitet\"},\"image\":{\"@id\":\"https:\\\/\\\/lemco-mobility.com\\\/da\\\/#\\\/schema\\\/logo\\\/image\\\/\"},\"sameAs\":[\"https:\\\/\\\/www.facebook.com\\\/lemcomobility\",\"https:\\\/\\\/m.youtube.com\\\/channel\\\/UClAacR9HmcdIoue_NQtX2Ng\"]},{\"@type\":\"Person\",\"@id\":\"https:\\\/\\\/lemco-mobility.com\\\/da\\\/#\\\/schema\\\/person\\\/5b174944ca10a7fd1a36f6fa00f45a4b\",\"name\":\"Carsten Lemche\",\"image\":{\"@type\":\"ImageObject\",\"inLanguage\":\"da-DK\",\"@id\":\"https:\\\/\\\/secure.gravatar.com\\\/avatar\\\/b243a41f9ce6583bd62f0b0c7aa323f3824a97d024a11f1463613199da7aa7c6?s=96&d=mm&r=g\",\"url\":\"https:\\\/\\\/secure.gravatar.com\\\/avatar\\\/b243a41f9ce6583bd62f0b0c7aa323f3824a97d024a11f1463613199da7aa7c6?s=96&d=mm&r=g\",\"contentUrl\":\"https:\\\/\\\/secure.gravatar.com\\\/avatar\\\/b243a41f9ce6583bd62f0b0c7aa323f3824a97d024a11f1463613199da7aa7c6?s=96&d=mm&r=g\",\"caption\":\"Carsten Lemche\"},\"url\":\"https:\\\/\\\/lemco-mobility.com\\\/da\\\/author\\\/carsten-lemcomobility\\\/\"}]}<\/script>\n<!-- \/ Yoast SEO Premium plugin. -->","yoast_head_json":{"title":"Combi Bike Plus er utrolig nem at bruge - LEMCO Mobility","description":"Med Combi Bike Plus nyder beboerne p\u00e5 GuldBoSund Plejehjem og Rehabilitering engagerende samtaler med ergoterapeut Rune Nielsen.","robots":{"index":"index","follow":"follow","max-snippet":"max-snippet:-1","max-image-preview":"max-image-preview:large","max-video-preview":"max-video-preview:-1"},"canonical":"https:\/\/lemco-mobility.com\/da\/combi-bike-plus-er-utrolig-nem-at-bruge\/","og_locale":"da_DK","og_type":"article","og_title":"Combi Bike Plus er utrolig nem at bruge","og_description":"Med Combi Bike Plus nyder beboerne p\u00e5 GuldBoSund Plejehjem og Rehabilitering engagerende samtaler med ergoterapeut Rune Nielsen.","og_url":"https:\/\/lemco-mobility.com\/da\/combi-bike-plus-er-utrolig-nem-at-bruge\/","og_site_name":"LEMCO Mobility","article_publisher":"https:\/\/www.facebook.com\/lemcomobility","article_published_time":"2022-10-14T07:18:20+00:00","article_modified_time":"2025-11-05T11:47:57+00:00","og_image":[{"width":900,"height":863,"url":"https:\/\/lemco-mobility.com\/wp-content\/uploads\/2022\/10\/GuldBoSund_Thumbnail.jpg","type":"image\/jpeg"}],"author":"Carsten Lemche","twitter_card":"summary_large_image","twitter_misc":{"Skrevet af":"Carsten Lemche","Estimeret l\u00e6setid":"5 minutter"},"schema":{"@context":"https:\/\/schema.org","@graph":[{"@type":"Article","@id":"https:\/\/lemco-mobility.com\/da\/combi-bike-plus-er-utrolig-nem-at-bruge\/#article","isPartOf":{"@id":"https:\/\/lemco-mobility.com\/da\/combi-bike-plus-er-utrolig-nem-at-bruge\/"},"author":{"name":"Carsten Lemche","@id":"https:\/\/lemco-mobility.com\/da\/#\/schema\/person\/5b174944ca10a7fd1a36f6fa00f45a4b"},"headline":"Combi Bike Plus er utrolig nem at bruge","datePublished":"2022-10-14T07:18:20+00:00","dateModified":"2025-11-05T11:47:57+00:00","mainEntityOfPage":{"@id":"https:\/\/lemco-mobility.com\/da\/combi-bike-plus-er-utrolig-nem-at-bruge\/"},"wordCount":1005,"publisher":{"@id":"https:\/\/lemco-mobility.com\/da\/#organization"},"image":{"@id":"https:\/\/lemco-mobility.com\/da\/combi-bike-plus-er-utrolig-nem-at-bruge\/#primaryimage"},"thumbnailUrl":"https:\/\/lemco-mobility.com\/wp-content\/uploads\/2022\/10\/GuldBoSund_Thumbnail.jpg","articleSection":["Genoptr\u00e6ning"],"inLanguage":"da-DK"},{"@type":"WebPage","@id":"https:\/\/lemco-mobility.com\/da\/combi-bike-plus-er-utrolig-nem-at-bruge\/","url":"https:\/\/lemco-mobility.com\/da\/combi-bike-plus-er-utrolig-nem-at-bruge\/","name":"Combi Bike Plus er utrolig nem at bruge - LEMCO Mobility","isPartOf":{"@id":"https:\/\/lemco-mobility.com\/da\/#website"},"primaryImageOfPage":{"@id":"https:\/\/lemco-mobility.com\/da\/combi-bike-plus-er-utrolig-nem-at-bruge\/#primaryimage"},"image":{"@id":"https:\/\/lemco-mobility.com\/da\/combi-bike-plus-er-utrolig-nem-at-bruge\/#primaryimage"},"thumbnailUrl":"https:\/\/lemco-mobility.com\/wp-content\/uploads\/2022\/10\/GuldBoSund_Thumbnail.jpg","datePublished":"2022-10-14T07:18:20+00:00","dateModified":"2025-11-05T11:47:57+00:00","description":"Med Combi Bike Plus nyder beboerne p\u00e5 GuldBoSund Plejehjem og Rehabilitering engagerende samtaler med ergoterapeut Rune Nielsen.","breadcrumb":{"@id":"https:\/\/lemco-mobility.com\/da\/combi-bike-plus-er-utrolig-nem-at-bruge\/#breadcrumb"},"inLanguage":"da-DK","potentialAction":[{"@type":"ReadAction","target":["https:\/\/lemco-mobility.com\/da\/combi-bike-plus-er-utrolig-nem-at-bruge\/"]}]},{"@type":"ImageObject","inLanguage":"da-DK","@id":"https:\/\/lemco-mobility.com\/da\/combi-bike-plus-er-utrolig-nem-at-bruge\/#primaryimage","url":"https:\/\/lemco-mobility.com\/wp-content\/uploads\/2022\/10\/GuldBoSund_Thumbnail.jpg","contentUrl":"https:\/\/lemco-mobility.com\/wp-content\/uploads\/2022\/10\/GuldBoSund_Thumbnail.jpg","width":900,"height":863},{"@type":"BreadcrumbList","@id":"https:\/\/lemco-mobility.com\/da\/combi-bike-plus-er-utrolig-nem-at-bruge\/#breadcrumb","itemListElement":[{"@type":"ListItem","position":1,"name":"Home","item":"https:\/\/lemco-mobility.com\/da\/traeningscykler-til-koerestol-stol-bedbikes-til-hospitalssenge\/"},{"@type":"ListItem","position":2,"name":"Combi Bike Plus er utrolig nem at bruge"}]},{"@type":"WebSite","@id":"https:\/\/lemco-mobility.com\/da\/#website","url":"https:\/\/lemco-mobility.com\/da\/","name":"LEMCO Mobility","description":"Exercisers for Wheelchair and Chair &amp; BedBikes for Hospital beds","publisher":{"@id":"https:\/\/lemco-mobility.com\/da\/#organization"},"alternateName":"We increase Personal Mobility","potentialAction":[{"@type":"SearchAction","target":{"@type":"EntryPoint","urlTemplate":"https:\/\/lemco-mobility.com\/da\/?s={search_term_string}"},"query-input":{"@type":"PropertyValueSpecification","valueRequired":true,"valueName":"search_term_string"}}],"inLanguage":"da-DK"},{"@type":"Organization","@id":"https:\/\/lemco-mobility.com\/da\/#organization","name":"Lemco mobilitet","url":"https:\/\/lemco-mobility.com\/da\/","logo":{"@type":"ImageObject","inLanguage":"da-DK","@id":"https:\/\/lemco-mobility.com\/da\/#\/schema\/logo\/image\/","url":"https:\/\/lemco-mobility.com\/wp-content\/uploads\/2021\/12\/Lemco_Logo_RGB_AlmostBlack.webp","contentUrl":"https:\/\/lemco-mobility.com\/wp-content\/uploads\/2021\/12\/Lemco_Logo_RGB_AlmostBlack.webp","width":250,"height":36,"caption":"Lemco mobilitet"},"image":{"@id":"https:\/\/lemco-mobility.com\/da\/#\/schema\/logo\/image\/"},"sameAs":["https:\/\/www.facebook.com\/lemcomobility","https:\/\/m.youtube.com\/channel\/UClAacR9HmcdIoue_NQtX2Ng"]},{"@type":"Person","@id":"https:\/\/lemco-mobility.com\/da\/#\/schema\/person\/5b174944ca10a7fd1a36f6fa00f45a4b","name":"Carsten Lemche","image":{"@type":"ImageObject","inLanguage":"da-DK","@id":"https:\/\/secure.gravatar.com\/avatar\/b243a41f9ce6583bd62f0b0c7aa323f3824a97d024a11f1463613199da7aa7c6?s=96&d=mm&r=g","url":"https:\/\/secure.gravatar.com\/avatar\/b243a41f9ce6583bd62f0b0c7aa323f3824a97d024a11f1463613199da7aa7c6?s=96&d=mm&r=g","contentUrl":"https:\/\/secure.gravatar.com\/avatar\/b243a41f9ce6583bd62f0b0c7aa323f3824a97d024a11f1463613199da7aa7c6?s=96&d=mm&r=g","caption":"Carsten Lemche"},"url":"https:\/\/lemco-mobility.com\/da\/author\/carsten-lemcomobility\/"}]}},"_links":{"self":[{"href":"https:\/\/lemco-mobility.com\/da\/wp-json\/wp\/v2\/posts\/29185","targetHints":{"allow":["GET"]}}],"collection":[{"href":"https:\/\/lemco-mobility.com\/da\/wp-json\/wp\/v2\/posts"}],"about":[{"href":"https:\/\/lemco-mobility.com\/da\/wp-json\/wp\/v2\/types\/post"}],"author":[{"embeddable":true,"href":"https:\/\/lemco-mobility.com\/da\/wp-json\/wp\/v2\/users\/2"}],"replies":[{"embeddable":true,"href":"https:\/\/lemco-mobility.com\/da\/wp-json\/wp\/v2\/comments?post=29185"}],"version-history":[{"count":1,"href":"https:\/\/lemco-mobility.com\/da\/wp-json\/wp\/v2\/posts\/29185\/revisions"}],"predecessor-version":[{"id":29193,"href":"https:\/\/lemco-mobility.com\/da\/wp-json\/wp\/v2\/posts\/29185\/revisions\/29193"}],"wp:featuredmedia":[{"embeddable":true,"href":"https:\/\/lemco-mobility.com\/da\/wp-json\/wp\/v2\/media\/29186"}],"wp:attachment":[{"href":"https:\/\/lemco-mobility.com\/da\/wp-json\/wp\/v2\/media?parent=29185"}],"wp:term":[{"taxonomy":"category","embeddable":true,"href":"https:\/\/lemco-mobility.com\/da\/wp-json\/wp\/v2\/categories?post=29185"},{"taxonomy":"post_tag","embeddable":true,"href":"https:\/\/lemco-mobility.com\/da\/wp-json\/wp\/v2\/tags?post=29185"}],"curies":[{"name":"wp","href":"https:\/\/api.w.org\/{rel}","templated":true}]}}