{"id":29656,"date":"2022-06-29T07:55:50","date_gmt":"2022-06-29T07:55:50","guid":{"rendered":"https:\/\/lemco-mobility.com\/livsbekraeftende-dansk-design\/"},"modified":"2025-11-05T12:45:25","modified_gmt":"2025-11-05T12:45:25","slug":"livsbekraeftende-dansk-design","status":"publish","type":"post","link":"https:\/\/lemco-mobility.com\/da\/livsbekraeftende-dansk-design\/","title":{"rendered":"Livsbekr\u00e6ftende dansk design"},"content":{"rendered":"\t\t<div data-elementor-type=\"wp-post\" data-elementor-id=\"29656\" class=\"elementor elementor-29656 elementor-10862\" data-elementor-post-type=\"post\">\n\t\t\t\t\t\t<section class=\"wd-negative-gap elementor-section elementor-top-section elementor-element elementor-element-658327f5 elementor-section-height-min-height elementor-section-items-stretch elementor-section-stretched elementor-section-full_width elementor-section-height-default\" data-id=\"658327f5\" data-element_type=\"section\" data-e-type=\"section\" data-settings=\"{&quot;background_background&quot;:&quot;video&quot;,&quot;stretch_section&quot;:&quot;section-stretched&quot;,&quot;background_video_start&quot;:20,&quot;background_video_end&quot;:30,&quot;shape_divider_bottom&quot;:&quot;curve&quot;,&quot;shape_divider_bottom_negative&quot;:&quot;yes&quot;,&quot;background_play_once&quot;:&quot;yes&quot;}\">\n\t\t\t\t\t<div class=\"elementor-shape elementor-shape-bottom\" aria-hidden=\"true\" data-negative=\"true\">\n\t\t\t<svg xmlns=\"http:\/\/www.w3.org\/2000\/svg\" viewBox=\"0 0 1000 100\" preserveAspectRatio=\"none\">\n\t<path class=\"elementor-shape-fill\" d=\"M500,97C126.7,96.3,0.8,19.8,0,0v100l1000,0V1C1000,19.4,873.3,97.8,500,97z\"\/>\n<\/svg>\t\t<\/div>\n\t\t\t\t\t<div class=\"elementor-container elementor-column-gap-custom\">\n\t\t\t\t\t<div class=\"elementor-column elementor-col-50 elementor-top-column elementor-element elementor-element-114c3c0\" data-id=\"114c3c0\" data-element_type=\"column\" data-e-type=\"column\">\n\t\t\t<div class=\"elementor-widget-wrap\">\n\t\t\t\t\t\t\t<\/div>\n\t\t<\/div>\n\t\t\t\t<div class=\"elementor-column elementor-col-50 elementor-top-column elementor-element elementor-element-68465f50\" data-id=\"68465f50\" data-element_type=\"column\" data-e-type=\"column\">\n\t\t\t<div class=\"elementor-widget-wrap elementor-element-populated\">\n\t\t\t\t\t\t<div class=\"elementor-element elementor-element-6b19d4d8 elementor-widget elementor-widget-spacer\" data-id=\"6b19d4d8\" data-element_type=\"widget\" data-e-type=\"widget\" data-widget_type=\"spacer.default\">\n\t\t\t\t<div class=\"elementor-widget-container\">\n\t\t\t\t\t\t\t<div class=\"elementor-spacer\">\n\t\t\t<div class=\"elementor-spacer-inner\"><\/div>\n\t\t<\/div>\n\t\t\t\t\t\t<\/div>\n\t\t\t\t<\/div>\n\t\t\t\t\t<\/div>\n\t\t<\/div>\n\t\t\t\t\t<\/div>\n\t\t<\/section>\n\t\t\t\t<section class=\"elementor-section elementor-top-section elementor-element elementor-element-6fb5e84 elementor-section-stretched elementor-section-boxed elementor-section-height-default elementor-section-height-default\" data-id=\"6fb5e84\" data-element_type=\"section\" data-e-type=\"section\" data-settings=\"{&quot;stretch_section&quot;:&quot;section-stretched&quot;,&quot;background_background&quot;:&quot;gradient&quot;}\">\n\t\t\t\t\t\t\t<div class=\"elementor-background-overlay\"><\/div>\n\t\t\t\t\t\t\t<div class=\"elementor-container elementor-column-gap-default\">\n\t\t\t\t\t<div class=\"elementor-column elementor-col-100 elementor-top-column elementor-element elementor-element-7821143\" data-id=\"7821143\" data-element_type=\"column\" data-e-type=\"column\">\n\t\t\t<div class=\"elementor-widget-wrap elementor-element-populated\">\n\t\t\t\t\t\t<div class=\"elementor-element elementor-element-237f882 elementor-widget elementor-widget-heading\" data-id=\"237f882\" data-element_type=\"widget\" data-e-type=\"widget\" data-widget_type=\"heading.default\">\n\t\t\t\t<div class=\"elementor-widget-container\">\n\t\t\t\t\t<h2 class=\"elementor-heading-title elementor-size-default\">Livsbekr\u00e6ftende dansk design<\/h2>\t\t\t\t<\/div>\n\t\t\t\t<\/div>\n\t\t\t\t<div class=\"elementor-element elementor-element-87873c1 color-scheme-inherit text-left elementor-widget elementor-widget-text-editor\" data-id=\"87873c1\" data-element_type=\"widget\" data-e-type=\"widget\" data-widget_type=\"text-editor.default\">\n\t\t\t\t<div class=\"elementor-widget-container\">\n\t\t\t\t\t\t\t\t\t<p><strong><span style=\"font-family: Ubuntu, sans-serif;\"><span style=\"color: var( --e-global-color-text );\">De gr\u00f8nne blade er let synlige p\u00e5 afstand og adskiller sig fra traditionelle tr\u00e6ningsredskaber, der bruges i \u00e6ldreplejen og <\/span>rehabiliterings<span style=\"color: var( --e-global-color-text );\">centre.<\/span> <\/span><\/strong><\/p><p style=\"font-family: Ubuntu, sans-serif; font-style: normal; font-variant-caps: normal; font-size: 15px;\"><strong><span style=\"font-size: 15px; color: var( --e-global-color-text );\">Combi Bike Plus og Bed Bike fra Lemco Mobility har grene prydet med frodige gr\u00f8nne b\u00f8geblade. <\/span><\/strong><\/p><p><strong><span style=\"font-family: Ubuntu, sans-serif;\"><span style=\"color: var( --e-global-color-text );\">Kunstneren bag bladillustrationerne formidler et design, der symboliserer energien, der genereres under tr\u00e6ning, og den energi <\/span>som<span style=\"color: var( --e-global-color-text );\"> for\u00e5ret bringer hvert \u00e5r.<\/span><\/span><\/strong><\/p><p style=\"font-family: Ubuntu, sans-serif; font-style: normal; font-variant-caps: normal; font-size: 15px;\"><span style=\"font-size: 15px; color: var( --e-global-color-text );\">Globale l\u00f8sninger med et lokalt pr\u00e6g fra Danmark. <\/span><\/p><p style=\"font-family: Ubuntu, sans-serif; font-style: normal; font-variant-caps: normal; font-size: 15px;\">Mette Maulitz, en grafisk kunstner fra Helsing\u00f8r i Danmark, arbejder med alt fra boglayout til logodesign og visuelle identiteter. Hun har altid malet og tegnet, og derfor blev hun i 2017 bedt om at skabe b\u00f8gebladsgrenene til Lemcos mobilitetsudstyr, Combi Bike Plus og Bed Bike. <\/p><p style=\"font-family: Ubuntu, sans-serif; font-style: normal; font-variant-caps: normal; font-size: 15px;\">Id\u00e9en om at bruge b\u00f8geblade som hovedkomponent i designet kom fra administrerende direkt\u00f8r og opfinder Carsten Lemche.<\/p><p style=\"margin-bottom: var(--wd-tags-mb); font-family: Ubuntu, sans-serif; font-style: normal; font-variant-caps: normal; font-size: 15px;\">&#8211; Carsten fortalte mig, at det skulle v\u00e6re noget dansk, og han foreslog b\u00f8geblade, og designet skulle symbolisere energi og liv. <\/p><p style=\"margin-bottom: var(--wd-tags-mb); font-family: Ubuntu, sans-serif; font-style: normal; font-variant-caps: normal; font-size: 15px;\">Intet er mere livsbekr\u00e6ftende end naturen. S\u00e5 skulle det v\u00e6re noget energigivende; hvis noget, s\u00e5 giver synet af en nyudsprunget, lysegr\u00f8n b\u00f8geskov energi. Den lysegr\u00f8nne farve repr\u00e6senterer ungdom, vitalitet og energi, siger hun.  <\/p>\t\t\t\t\t\t\t\t<\/div>\n\t\t\t\t<\/div>\n\t\t\t\t<div class=\"elementor-element elementor-element-7444ded elementor-widget elementor-widget-gallery\" data-id=\"7444ded\" data-element_type=\"widget\" data-e-type=\"widget\" data-settings=\"{&quot;columns&quot;:1,&quot;columns_mobile&quot;:2,&quot;gap&quot;:{&quot;unit&quot;:&quot;px&quot;,&quot;size&quot;:15,&quot;sizes&quot;:[]},&quot;image_hover_animation&quot;:&quot;grow&quot;,&quot;gallery_layout&quot;:&quot;masonry&quot;,&quot;lazyload&quot;:&quot;yes&quot;,&quot;columns_tablet&quot;:2,&quot;gap_tablet&quot;:{&quot;unit&quot;:&quot;px&quot;,&quot;size&quot;:10,&quot;sizes&quot;:[]},&quot;gap_mobile&quot;:{&quot;unit&quot;:&quot;px&quot;,&quot;size&quot;:10,&quot;sizes&quot;:[]},&quot;link_to&quot;:&quot;file&quot;,&quot;content_hover_animation&quot;:&quot;fade-in&quot;}\" data-widget_type=\"gallery.default\">\n\t\t\t\t<div class=\"elementor-widget-container\">\n\t\t\t\t\t\t\t<div class=\"elementor-gallery__container\">\n\t\t\t\t\t<\/div>\n\t\t\t\t\t<\/div>\n\t\t\t\t<\/div>\n\t\t\t\t<div class=\"elementor-element elementor-element-55d0f22 color-scheme-inherit text-left elementor-widget elementor-widget-text-editor\" data-id=\"55d0f22\" data-element_type=\"widget\" data-e-type=\"widget\" data-widget_type=\"text-editor.default\">\n\t\t\t\t<div class=\"elementor-widget-container\">\n\t\t\t\t\t\t\t\t\t<p><em>B\u00f8gebladene p\u00e5 Combi Bike Plus og Bed Bike blev skabt af grafisk kunstner Mette Maulitz med inspiration fra naturen.<\/em><\/p>\t\t\t\t\t\t\t\t<\/div>\n\t\t\t\t<\/div>\n\t\t\t\t<div class=\"elementor-element elementor-element-b25e0a5 elementor-widget elementor-widget-heading\" data-id=\"b25e0a5\" data-element_type=\"widget\" data-e-type=\"widget\" data-widget_type=\"heading.default\">\n\t\t\t\t<div class=\"elementor-widget-container\">\n\t\t\t\t\t<h2 class=\"elementor-heading-title elementor-size-default\">5.000 \u00e5rs inspiration<\/h2>\t\t\t\t<\/div>\n\t\t\t\t<\/div>\n\t\t\t\t<div class=\"elementor-element elementor-element-6a99bac color-scheme-inherit text-left elementor-widget elementor-widget-text-editor\" data-id=\"6a99bac\" data-element_type=\"widget\" data-e-type=\"widget\" data-widget_type=\"text-editor.default\">\n\t\t\t\t<div class=\"elementor-widget-container\">\n\t\t\t\t\t\t\t\t\t<p>B\u00f8getr\u00e6et har v\u00e6ret til stede i Danmark i 4.000-5.000 \u00e5r og er det mest udbredte l\u00f8vtr\u00e6 her. Typisk blomstrer b\u00f8gen fra marts til april. <\/p><p>&#8211; Hvor der er sygdom, bruges motionsudstyr. Et plejehjem kan for eksempel have et m\u00f8rkt udtryk, men b\u00f8gebladene tilf\u00f8jer gl\u00e6de og positiv energi. Bladene er som et frisk pust udefra. De f\u00e5r dig til at f\u00f8le dig vidunderlig bare ved at kigge p\u00e5 dem, da de f\u00e5r dig til at t\u00e6nke p\u00e5 selv at v\u00e6re i naturen, siger Mette Maulitz.   <\/p><p>Det hele startede med en g\u00e5tur i skoven, hvor b\u00f8gebladenes design og inspiration opstod. Mette Maulitz er et udpr\u00e6get naturmenneske og spejder. Derefter blev der googlet fotografier af b\u00f8geblade p\u00e5 computeren.  <\/p><p>Det var afg\u00f8rende for hende, at det ikke blev en kopi af et bestemt blad, og hun mente ogs\u00e5, at det skulle v\u00e6re s\u00e5 enkelt som muligt.<\/p>\t\t\t\t\t\t\t\t<\/div>\n\t\t\t\t<\/div>\n\t\t\t\t<div class=\"elementor-element elementor-element-c353a79 elementor-widget elementor-widget-gallery\" data-id=\"c353a79\" data-element_type=\"widget\" data-e-type=\"widget\" data-settings=\"{&quot;columns&quot;:1,&quot;gap&quot;:{&quot;unit&quot;:&quot;px&quot;,&quot;size&quot;:15,&quot;sizes&quot;:[]},&quot;image_hover_animation&quot;:&quot;grow&quot;,&quot;gallery_layout&quot;:&quot;masonry&quot;,&quot;lazyload&quot;:&quot;yes&quot;,&quot;columns_tablet&quot;:2,&quot;columns_mobile&quot;:1,&quot;gap_tablet&quot;:{&quot;unit&quot;:&quot;px&quot;,&quot;size&quot;:10,&quot;sizes&quot;:[]},&quot;gap_mobile&quot;:{&quot;unit&quot;:&quot;px&quot;,&quot;size&quot;:10,&quot;sizes&quot;:[]},&quot;link_to&quot;:&quot;file&quot;,&quot;content_hover_animation&quot;:&quot;fade-in&quot;}\" data-widget_type=\"gallery.default\">\n\t\t\t\t<div class=\"elementor-widget-container\">\n\t\t\t\t\t\t\t<div class=\"elementor-gallery__container\">\n\t\t\t\t\t\t\t<a class=\"e-gallery-item elementor-gallery-item elementor-animated-content\" href=\"https:\/\/lemco-mobility.com\/wp-content\/uploads\/2022\/11\/mette-maultiz.webp\" data-elementor-open-lightbox=\"yes\" data-elementor-lightbox-slideshow=\"c353a79\" data-elementor-lightbox-title=\"Mette-artikel 1\" data-e-action-hash=\"#elementor-action%3Aaction%3Dlightbox%26settings%3DeyJpZCI6Mjk2NTcsInVybCI6Imh0dHBzOlwvXC9sZW1jby1tb2JpbGl0eS5jb21cL3dwLWNvbnRlbnRcL3VwbG9hZHNcLzIwMjJcLzExXC9tZXR0ZS1tYXVsdGl6LndlYnAiLCJzbGlkZXNob3ciOiJjMzUzYTc5In0%3D\">\n\t\t\t\t\t<div class=\"e-gallery-image elementor-gallery-item__image\" data-thumbnail=\"https:\/\/lemco-mobility.com\/wp-content\/uploads\/2022\/11\/mette-maultiz.webp\" data-width=\"645\" data-height=\"860\" aria-label=\"\" role=\"img\" ><\/div>\n\t\t\t\t\t\t\t\t\t\t\t\t\t\t<\/a>\n\t\t\t\t\t<\/div>\n\t\t\t\t\t<\/div>\n\t\t\t\t<\/div>\n\t\t\t\t<div class=\"elementor-element elementor-element-d8bd447 color-scheme-inherit text-left elementor-widget elementor-widget-text-editor\" data-id=\"d8bd447\" data-element_type=\"widget\" data-e-type=\"widget\" data-widget_type=\"text-editor.default\">\n\t\t\t\t<div class=\"elementor-widget-container\">\n\t\t\t\t\t\t\t\t\t<p><em>B\u00f8geblade genererer meget energi, if\u00f8lge administrerende direkt\u00f8r og opfinder Carsten Lemche fra Lemco Mobility.<\/em><\/p>\t\t\t\t\t\t\t\t<\/div>\n\t\t\t\t<\/div>\n\t\t\t\t<div class=\"elementor-element elementor-element-54fe7c1 elementor-widget elementor-widget-heading\" data-id=\"54fe7c1\" data-element_type=\"widget\" data-e-type=\"widget\" data-widget_type=\"heading.default\">\n\t\t\t\t<div class=\"elementor-widget-container\">\n\t\t\t\t\t<h2 class=\"elementor-heading-title elementor-size-default\">Lavet af Mette hos Lemco<\/h2>\t\t\t\t<\/div>\n\t\t\t\t<\/div>\n\t\t\t\t<div class=\"elementor-element elementor-element-5d39aed color-scheme-inherit text-left elementor-widget elementor-widget-text-editor\" data-id=\"5d39aed\" data-element_type=\"widget\" data-e-type=\"widget\" data-widget_type=\"text-editor.default\">\n\t\t\t\t<div class=\"elementor-widget-container\">\n\t\t\t\t\t\t\t\t\t<p style=\"font-family: Ubuntu, sans-serif; font-style: normal; font-variant-caps: normal; font-size: 15px;\">Hos Lemco Mobility, hvor cyklerne ogs\u00e5 designes og fremstilles, p\u00e5 Fabriksvej 3 i Helsing\u00f8r, blev det egentlige arbejde med at designe de passende grene med b\u00f8geblade udf\u00f8rt over nogle f\u00e5 dage.<\/p><p style=\"font-family: Ubuntu, sans-serif; font-style: normal; font-variant-caps: normal; font-size: 15px;\">&#8211; Jeg arbejdede med designet p\u00e5 Carstens kontor. Han nyder den \u00e5bne dialog og interaktion. P\u00e5 den m\u00e5de var det enkelt og kontinuerligt at diskutere designet. Hun husker udfordringen med at finde den ideelle balance mellem tekst og grenplacering, blandt andet.   <\/p><p style=\"font-family: Ubuntu, sans-serif; font-style: normal; font-variant-caps: normal; font-size: 15px;\">Arbejdet med Lemco Mobility har gl\u00e6det Mette Maulitz, og hun ville gerne se b\u00f8gegrenene udvidet til plakatst\u00f8rrelse.<\/p><p style=\"font-family: Ubuntu, sans-serif; font-style: normal; font-variant-caps: normal; font-size: 15px;\"><strong>&#8211; <\/strong>Alle kender b\u00f8geblade. Det er popul\u00e6rt, stilistisk og udtrykker sig grafisk. Og hvis du ser b\u00f8gebladene, f\u00e5r du m\u00e5ske lyst til at g\u00e5 en tur i skoven og m\u00e5ske endda cykle gennem den rigtige skov, siger hun.  <\/p>\t\t\t\t\t\t\t\t<\/div>\n\t\t\t\t<\/div>\n\t\t\t\t<div class=\"elementor-element elementor-element-72e374d elementor-widget elementor-widget-gallery\" data-id=\"72e374d\" data-element_type=\"widget\" data-e-type=\"widget\" data-settings=\"{&quot;gap&quot;:{&quot;unit&quot;:&quot;px&quot;,&quot;size&quot;:23,&quot;sizes&quot;:[]},&quot;image_hover_animation&quot;:&quot;grow&quot;,&quot;ideal_row_height&quot;:{&quot;unit&quot;:&quot;px&quot;,&quot;size&quot;:500,&quot;sizes&quot;:[]},&quot;gallery_layout&quot;:&quot;justified&quot;,&quot;lazyload&quot;:&quot;yes&quot;,&quot;ideal_row_height_tablet&quot;:{&quot;unit&quot;:&quot;px&quot;,&quot;size&quot;:150,&quot;sizes&quot;:[]},&quot;ideal_row_height_mobile&quot;:{&quot;unit&quot;:&quot;px&quot;,&quot;size&quot;:150,&quot;sizes&quot;:[]},&quot;gap_tablet&quot;:{&quot;unit&quot;:&quot;px&quot;,&quot;size&quot;:10,&quot;sizes&quot;:[]},&quot;gap_mobile&quot;:{&quot;unit&quot;:&quot;px&quot;,&quot;size&quot;:10,&quot;sizes&quot;:[]},&quot;link_to&quot;:&quot;file&quot;,&quot;content_hover_animation&quot;:&quot;fade-in&quot;}\" data-widget_type=\"gallery.default\">\n\t\t\t\t<div class=\"elementor-widget-container\">\n\t\t\t\t\t\t\t<div class=\"elementor-gallery__container\">\n\t\t\t\t\t\t\t<a class=\"e-gallery-item elementor-gallery-item elementor-animated-content\" href=\"https:\/\/lemco-mobility.com\/wp-content\/uploads\/2022\/11\/Beech-leaves-design-showcase.webp\" data-elementor-open-lightbox=\"yes\" data-elementor-lightbox-slideshow=\"72e374d\" data-elementor-lightbox-title=\"B\u00f8geblade-design-udstilling\" data-e-action-hash=\"#elementor-action%3Aaction%3Dlightbox%26settings%3DeyJpZCI6Mjk2NTgsInVybCI6Imh0dHBzOlwvXC9sZW1jby1tb2JpbGl0eS5jb21cL3dwLWNvbnRlbnRcL3VwbG9hZHNcLzIwMjJcLzExXC9CZWVjaC1sZWF2ZXMtZGVzaWduLXNob3djYXNlLndlYnAiLCJzbGlkZXNob3ciOiI3MmUzNzRkIn0%3D\">\n\t\t\t\t\t<div class=\"e-gallery-image elementor-gallery-item__image\" data-thumbnail=\"https:\/\/lemco-mobility.com\/wp-content\/uploads\/2022\/11\/Beech-leaves-design-showcase-768x768.webp\" data-width=\"768\" data-height=\"768\" aria-label=\"\" role=\"img\" ><\/div>\n\t\t\t\t\t\t\t\t\t\t\t\t\t\t<\/a>\n\t\t\t\t\t<\/div>\n\t\t\t\t\t<\/div>\n\t\t\t\t<\/div>\n\t\t\t\t<div class=\"elementor-element elementor-element-1f02b08 elementor-widget elementor-widget-spacer\" data-id=\"1f02b08\" data-element_type=\"widget\" data-e-type=\"widget\" data-widget_type=\"spacer.default\">\n\t\t\t\t<div class=\"elementor-widget-container\">\n\t\t\t\t\t\t\t<div class=\"elementor-spacer\">\n\t\t\t<div class=\"elementor-spacer-inner\"><\/div>\n\t\t<\/div>\n\t\t\t\t\t\t<\/div>\n\t\t\t\t<\/div>\n\t\t\t\t<div class=\"elementor-element elementor-element-c8c348c elementor-widget-divider--view-line_text elementor-widget-divider--element-align-left elementor-widget elementor-widget-divider\" data-id=\"c8c348c\" data-element_type=\"widget\" data-e-type=\"widget\" data-widget_type=\"divider.default\">\n\t\t\t\t<div class=\"elementor-widget-container\">\n\t\t\t\t\t\t\t<div class=\"elementor-divider\">\n\t\t\t<span class=\"elementor-divider-separator\">\n\t\t\t\t\t\t\t<span class=\"elementor-divider__text elementor-divider__element\">\n\t\t\t\tMette Maulitz\t\t\t\t<\/span>\n\t\t\t\t\t\t<\/span>\n\t\t<\/div>\n\t\t\t\t\t\t<\/div>\n\t\t\t\t<\/div>\n\t\t\t\t<div class=\"elementor-element elementor-element-9919218 color-scheme-inherit text-left elementor-widget elementor-widget-text-editor\" data-id=\"9919218\" data-element_type=\"widget\" data-e-type=\"widget\" data-widget_type=\"text-editor.default\">\n\t\t\t\t<div class=\"elementor-widget-container\">\n\t\t\t\t\t\t\t\t\t<ul style=\"font-family: Ubuntu, sans-serif; font-style: normal; font-variant-caps: normal; font-size: 15px; --list-mb: 20px; --li-mb: 10px;\"><li style=\"font-size: 15px;\">Grafisk Designer \/ Illustrator<\/li><li style=\"font-size: 15px;\">Ejer af Svinget Grafik i Helsing\u00f8r &#8211; svinget-grafik.dk<\/li><li style=\"font-size: 15px;\">F\u00f8dt i 1963 og opvokset i Helsing\u00f8r, DK<\/li><li style=\"font-size: 15px;\">Derudover er hun kunstner, der udstiller i sit eget hus cirka hvert andet \u00e5r &#8211; <a href=\"https:\/\/maulitzart.dk\">maulitzart.dk<\/a><\/li><\/ul>\t\t\t\t\t\t\t\t<\/div>\n\t\t\t\t<\/div>\n\t\t\t\t<div class=\"elementor-element elementor-element-4019a27 elementor-widget elementor-widget-spacer\" data-id=\"4019a27\" data-element_type=\"widget\" data-e-type=\"widget\" data-widget_type=\"spacer.default\">\n\t\t\t\t<div class=\"elementor-widget-container\">\n\t\t\t\t\t\t\t<div class=\"elementor-spacer\">\n\t\t\t<div class=\"elementor-spacer-inner\"><\/div>\n\t\t<\/div>\n\t\t\t\t\t\t<\/div>\n\t\t\t\t<\/div>\n\t\t\t\t<div class=\"elementor-element elementor-element-7a4c449 elementor-widget-divider--view-line_text elementor-widget-divider--element-align-center elementor-widget elementor-widget-divider\" data-id=\"7a4c449\" data-element_type=\"widget\" data-e-type=\"widget\" data-widget_type=\"divider.default\">\n\t\t\t\t<div class=\"elementor-widget-container\">\n\t\t\t\t\t\t\t<div class=\"elementor-divider\">\n\t\t\t<span class=\"elementor-divider-separator\">\n\t\t\t\t\t\t\t<span class=\"elementor-divider__text elementor-divider__element\">\n\t\t\t\tTr\u00e6ningsudstyrets endelige udseende\t\t\t\t<\/span>\n\t\t\t\t\t\t<\/span>\n\t\t<\/div>\n\t\t\t\t\t\t<\/div>\n\t\t\t\t<\/div>\n\t\t\t\t\t<\/div>\n\t\t<\/div>\n\t\t\t\t\t<\/div>\n\t\t<\/section>\n\t\t\t\t<section class=\"elementor-section elementor-top-section elementor-element elementor-element-28fc1198 elementor-section-stretched elementor-section-boxed elementor-section-height-default elementor-section-height-default\" data-id=\"28fc1198\" data-element_type=\"section\" data-e-type=\"section\" data-settings=\"{&quot;stretch_section&quot;:&quot;section-stretched&quot;,&quot;background_background&quot;:&quot;gradient&quot;}\">\n\t\t\t\t\t\t<div class=\"elementor-container elementor-column-gap-default\">\n\t\t\t\t\t<div class=\"elementor-column elementor-col-100 elementor-top-column elementor-element elementor-element-2465e5\" data-id=\"2465e5\" data-element_type=\"column\" data-e-type=\"column\">\n\t\t\t<div class=\"elementor-widget-wrap elementor-element-populated\">\n\t\t\t\t\t\t<div class=\"elementor-element elementor-element-e74efa2 wd-width-100 elementor-widget elementor-widget-wd_images_gallery\" data-id=\"e74efa2\" data-element_type=\"widget\" data-e-type=\"widget\" data-widget_type=\"wd_images_gallery.default\">\n\t\t\t\t<div class=\"elementor-widget-container\">\n\t\t\t\t\t\t\t<div class=\"wd-images-gallery photoswipe-images\" style=\"--wd-align-items:center; --wd-justify-content:center;\">\n\t\t\t\t\t\t<div class=\"wd-grid-g\" style=\"--wd-col-lg:3;--wd-col-md:3;--wd-col-sm:1;--wd-gap-lg:20px;--wd-gap-sm:10px;\" >\n\t\t\t\t\t\t\t\t\t\t\t\t\t\t\t\t\t\t<div class=\"wd-gallery-item wd-col\">\n\t\t\t\t\t\t\t\t\t\t\t\t\t<a  href=\"https:\/\/lemco-mobility.com\/wp-content\/uploads\/2022\/04\/LCPTestGallery3.jpg\" data-width=\"800\" data-height=\"450\" data-index=\"1\" data-elementor-open-lightbox=\"no\">\n\t\t\t\t\t\t\n\t\t\t\t\t\t<img decoding=\"async\" width=\"768\" height=\"432\" src=\"https:\/\/lemco-mobility.com\/wp-content\/uploads\/2022\/04\/LCPTestGallery3-768x432.jpg\" class=\"attachment-medium_large size-medium_large\" alt=\"Exerciser for whelchair -Combi Bike Plus\" srcset=\"https:\/\/lemco-mobility.com\/wp-content\/uploads\/2022\/04\/LCPTestGallery3-768x432.jpg 768w, https:\/\/lemco-mobility.com\/wp-content\/uploads\/2022\/04\/LCPTestGallery3-600x338.jpg 600w, https:\/\/lemco-mobility.com\/wp-content\/uploads\/2022\/04\/LCPTestGallery3-150x84.jpg 150w, https:\/\/lemco-mobility.com\/wp-content\/uploads\/2022\/04\/LCPTestGallery3-300x169.jpg 300w, https:\/\/lemco-mobility.com\/wp-content\/uploads\/2022\/04\/LCPTestGallery3.jpg 800w\" sizes=\"(max-width: 768px) 100vw, 768px\" \/>\n\t\t\t\t\t\t\t\t\t\t\t\t\t<\/a>\n\t\t\t\t\t\t\t\t\t\t\t<\/div>\n\t\t\t\t\t\t\t\t\t\t\t\t\t\t\t<div class=\"wd-gallery-item wd-col\">\n\t\t\t\t\t\t\t\t\t\t\t\t\t<a  href=\"https:\/\/lemco-mobility.com\/wp-content\/uploads\/2022\/02\/LBB-test-1.jpg\" data-width=\"800\" data-height=\"450\" data-index=\"2\" data-elementor-open-lightbox=\"no\">\n\t\t\t\t\t\t\n\t\t\t\t\t\t<img decoding=\"async\" width=\"768\" height=\"432\" src=\"https:\/\/lemco-mobility.com\/wp-content\/uploads\/2022\/02\/LBB-test-1-768x432.jpg\" class=\"attachment-medium_large size-medium_large\" alt=\"BedBike BedCycle for HospitalBeds\" srcset=\"https:\/\/lemco-mobility.com\/wp-content\/uploads\/2022\/02\/LBB-test-1-768x432.jpg 768w, https:\/\/lemco-mobility.com\/wp-content\/uploads\/2022\/02\/LBB-test-1-600x338.jpg 600w, https:\/\/lemco-mobility.com\/wp-content\/uploads\/2022\/02\/LBB-test-1-150x84.jpg 150w, https:\/\/lemco-mobility.com\/wp-content\/uploads\/2022\/02\/LBB-test-1-300x169.jpg 300w, https:\/\/lemco-mobility.com\/wp-content\/uploads\/2022\/02\/LBB-test-1.jpg 800w\" sizes=\"(max-width: 768px) 100vw, 768px\" \/>\n\t\t\t\t\t\t\t\t\t\t\t\t\t<\/a>\n\t\t\t\t\t\t\t\t\t\t\t<\/div>\n\t\t\t\t\t\t\t\t\t\t\t\t\t\t\t<div class=\"wd-gallery-item wd-col\">\n\t\t\t\t\t\t\t\t\t\t\t\t\t<a  href=\"https:\/\/lemco-mobility.com\/wp-content\/uploads\/2022\/02\/combi-bike-plus.jpg\" data-width=\"800\" data-height=\"450\" data-index=\"3\" data-elementor-open-lightbox=\"no\">\n\t\t\t\t\t\t\n\t\t\t\t\t\t<img decoding=\"async\" width=\"768\" height=\"432\" src=\"https:\/\/lemco-mobility.com\/wp-content\/uploads\/2022\/02\/combi-bike-plus-768x432.jpg\" class=\"attachment-medium_large size-medium_large\" alt=\"Exerciser outperforms ANY electric exerciser with motor.\" srcset=\"https:\/\/lemco-mobility.com\/wp-content\/uploads\/2022\/02\/combi-bike-plus-768x432.jpg 768w, https:\/\/lemco-mobility.com\/wp-content\/uploads\/2022\/02\/combi-bike-plus-600x338.jpg 600w, https:\/\/lemco-mobility.com\/wp-content\/uploads\/2022\/02\/combi-bike-plus-150x84.jpg 150w, https:\/\/lemco-mobility.com\/wp-content\/uploads\/2022\/02\/combi-bike-plus-300x169.jpg 300w, https:\/\/lemco-mobility.com\/wp-content\/uploads\/2022\/02\/combi-bike-plus.jpg 800w\" sizes=\"(max-width: 768px) 100vw, 768px\" \/>\n\t\t\t\t\t\t\t\t\t\t\t\t\t<\/a>\n\t\t\t\t\t\t\t\t\t\t\t<\/div>\n\t\t\t\t\t\t\t\t\t\t\t\t\t<\/div>\n\t\t\t\t\t<\/div>\n\t\t\t\t\t\t<\/div>\n\t\t\t\t<\/div>\n\t\t\t\t<div class=\"elementor-element elementor-element-6a76636 elementor-widget elementor-widget-spacer\" data-id=\"6a76636\" data-element_type=\"widget\" data-e-type=\"widget\" data-widget_type=\"spacer.default\">\n\t\t\t\t<div class=\"elementor-widget-container\">\n\t\t\t\t\t\t\t<div class=\"elementor-spacer\">\n\t\t\t<div class=\"elementor-spacer-inner\"><\/div>\n\t\t<\/div>\n\t\t\t\t\t\t<\/div>\n\t\t\t\t<\/div>\n\t\t\t\t<div class=\"elementor-element elementor-element-730f0d14 elementor-widget-divider--view-line_text elementor-widget-divider--element-align-center elementor-widget elementor-widget-divider\" data-id=\"730f0d14\" data-element_type=\"widget\" data-e-type=\"widget\" data-widget_type=\"divider.default\">\n\t\t\t\t<div class=\"elementor-widget-container\">\n\t\t\t\t\t\t\t<div class=\"elementor-divider\">\n\t\t\t<span class=\"elementor-divider-separator\">\n\t\t\t\t\t\t\t<span class=\"elementor-divider__text elementor-divider__element\">\n\t\t\t\tRelaterede cases\t\t\t\t<\/span>\n\t\t\t\t\t\t<\/span>\n\t\t<\/div>\n\t\t\t\t\t\t<\/div>\n\t\t\t\t<\/div>\n\t\t\t\t<div class=\"elementor-element elementor-element-42c53ad9 uael-post__news-stack-no elementor-widget elementor-widget-uael-posts\" data-id=\"42c53ad9\" data-element_type=\"widget\" data-e-type=\"widget\" data-settings=\"{&quot;news_slides_to_show&quot;:1,&quot;news_slides_to_show_tablet&quot;:2,&quot;news_slides_to_show_mobile&quot;:1,&quot;news_pagination_type&quot;:&quot;ajax&quot;}\" data-widget_type=\"uael-posts.news\">\n\t\t\t\t<div class=\"elementor-widget-container\">\n\t\t\t\t\t\t\t<div class=\"uael-post__header\">\n\t\t\t\t\t<\/div>\n\t\t<div class=\"uael-post__body\">\n\t\t\t\n\t\t<div class=\"uael-post-image-left uael-post-grid uael-posts uael-post_structure-featured uael-featured_post_structure-\" data-query-type=\"custom\" data-structure=\"featured\" data-layout=\"\" data-page=\"0\" data-skin=\"news\" data-filter-default=\"\" data-offset-top=\"30\" >\n\n\t\t\t\n\n<div class=\"uael-post-wrapper   uael-post-wrapper-featured \u00c6ldrepleje \">\n\t<div class=\"uael-post__bg-wrap\">\n\t\t\n\t\t\n\t\t<div class=\"uael-post__inner-wrap\">\n\n\t\t\t\t<div class=\"uael-post__thumbnail\">\n\t\t\t<a target=\"_self\" href=\"https:\/\/lemco-mobility.com\/da\/rejser-fra-en-koerestol\/\" title=\"Rejser fra en k\u00f8restol\" style=\"background-image: url(&#039;https:\/\/lemco-mobility.com\/wp-content\/uploads\/2022\/02\/Elederly-care-activities-768x621.jpg&#039;);\">\n\t\t\t\t\t\t\t\t<\/a>\n\t\t<\/div>\n\t\t\n\t\t\t\n\t\t\t<div class=\"uael-post__content-wrap \">\n\t\t\t\t<div class=\"uael-post__terms-wrap\">\n\t\t\t\t\t<span class=\"uael-post__terms\"><span class=\"uael-listing__terms-link\">\u00c6ldrepleje<\/span><\/span>\t\t\t\t<\/div>\n\t\t\t\t\t<h5 class=\"uael-post__title\">\n\n\t\t\n\t\t\t\t\t\t<a href=\"https:\/\/lemco-mobility.com\/da\/rejser-fra-en-koerestol\/\" target=\"_self\">\n\t\t\t\tRejser fra en k\u00f8restol\t\t\t<\/a>\n\n\t\t\t\t<\/h5>\n\t\t\n\t\t<div class=\"uael-post__meta-data\">\n\n\t\t\n\t\t<\/div>\n\n\t\t\t\t<div class=\"uael-post__excerpt\">\n\t\t\t<p>Rejser fra en k\u00f8restol Fire gange om ugen tr\u00e6ner vi i 30 minutter, og vi elsker det. Seks \u00e6ldre nyder &#8230;<\/p>\n\t\t<\/div>\n\t\t\t\t\t<a class=\"uael-post__read-more elementor-button\" href=\"https:\/\/lemco-mobility.com\/da\/rejser-fra-en-koerestol\/\" target=\"_self\" aria-labelledby=\"uael-post-29370\">\n\t\t\t\t\t<span class=\"elementor-button-content-wrapper\">\n\t\t\t\t\t\t\t\t\t\t\t\t\t\t<span class=\"elementor-button-icon elementor-align-icon-left\">\n\n\t\t\t\t\t\t\t\t\t\n\t\t\t\t\t\t\t\t<\/span>\n\t\t\t\t\t\t\t\t\t\t\t\t\t\n\t\t\t\t\t\t<span class=\"elementor-button-text\" id=uael-post-29370>L\u00e6s mere \u2192<\/span>\n\t\t\t\t\t<\/span>\n\t\t\t\t<\/a>\n\t\t\t\t\t\t<\/div>\n\t\t\t\n\t\t<\/div>\n\t\t\n\t<\/div>\n\n<\/div>\n\n\t\t\t\t\t\t<div class=\"uael-post-grid__inner uael-post__columns-1 uael-post__columns-tablet-2 uael-post__columns-mobile-1\">\n\t\t\t\n\n<div class=\"uael-post-wrapper   \u00c6ldrepleje \">\n\t<div class=\"uael-post__bg-wrap\">\n\t\t\n\t\t\n\t\t<div class=\"uael-post__inner-wrap\">\n\n\t\t\t\t<div class=\"uael-post__thumbnail\">\n\t\t\t<a target=\"_self\" href=\"https:\/\/lemco-mobility.com\/da\/fra-koerestol-til-rollator\/\" title=\"Fra k\u00f8restol til rollator\" style=\"background-image: url(&#039;https:\/\/lemco-mobility.com\/wp-content\/uploads\/2022\/04\/IMG_0291-768x461.webp&#039;);\">\n\t\t\t\t\t\t\t\t<\/a>\n\t\t<\/div>\n\t\t\n\t\t\t\n\t\t\t<div class=\"uael-post__content-wrap \">\n\t\t\t\t<div class=\"uael-post__terms-wrap\">\n\t\t\t\t\t<span class=\"uael-post__terms\"><span class=\"uael-listing__terms-link\">\u00c6ldrepleje<\/span><\/span>\t\t\t\t<\/div>\n\t\t\t\t\t<h5 class=\"uael-post__title\">\n\n\t\t\n\t\t\t\t\t\t<a href=\"https:\/\/lemco-mobility.com\/da\/fra-koerestol-til-rollator\/\" target=\"_self\">\n\t\t\t\tFra k\u00f8restol til rollator\t\t\t<\/a>\n\n\t\t\t\t<\/h5>\n\t\t\t\t\t<div class=\"uael-post__meta-data\">\n\t\t\t\t\t<\/div>\n\t\t\n\t\t<div class=\"uael-post__excerpt\">\n\t\t\tEn glad beboer - bliver bedre og bedre. Med videosystemet og Combi Bike Plus rejser han rundt. \t\t<\/div>\n\n\t\t\t\t\t<a class=\"uael-post__read-more elementor-button\" href=\"https:\/\/lemco-mobility.com\/da\/fra-koerestol-til-rollator\/\" target=\"_self\" aria-labelledby=\"uael-post-29285\">\n\t\t\t\t\t<span class=\"elementor-button-content-wrapper\">\n\t\t\t\t\t\t\t\t\t\t\t\t\t\t<span class=\"elementor-button-icon elementor-align-icon-left\">\n\n\t\t\t\t\t\t\t\t\t\n\t\t\t\t\t\t\t\t<\/span>\n\t\t\t\t\t\t\t\t\t\t\t\t\t\n\t\t\t\t\t\t<span class=\"elementor-button-text\" id=uael-post-29285>L\u00e6s mere \u2192<\/span>\n\t\t\t\t\t<\/span>\n\t\t\t\t<\/a>\n\t\t\t\t\t\t<\/div>\n\t\t\t\n\t\t<\/div>\n\t\t\n\t<\/div>\n\n<\/div>\n\n\n<div class=\"uael-post-wrapper   \u00c6ldrepleje parkinsons-sygdom \">\n\t<div class=\"uael-post__bg-wrap\">\n\t\t\n\t\t\n\t\t<div class=\"uael-post__inner-wrap\">\n\n\t\t\t\t<div class=\"uael-post__thumbnail\">\n\t\t\t<a target=\"_self\" href=\"https:\/\/lemco-mobility.com\/da\/parkinson\/\" title=\"Parkinson\" style=\"background-image: url(&#039;https:\/\/lemco-mobility.com\/wp-content\/uploads\/2025\/10\/parkinson-mobilty-elderly-1024x616-1.webp&#039;);\">\n\t\t\t\t\t\t\t\t<\/a>\n\t\t<\/div>\n\t\t\n\t\t\t\n\t\t\t<div class=\"uael-post__content-wrap \">\n\t\t\t\t<div class=\"uael-post__terms-wrap\">\n\t\t\t\t\t<span class=\"uael-post__terms\"><span class=\"uael-listing__terms-link\">\u00c6ldrepleje<\/span><\/span>\t\t\t\t<\/div>\n\t\t\t\t\t<h5 class=\"uael-post__title\">\n\n\t\t\n\t\t\t\t\t\t<a href=\"https:\/\/lemco-mobility.com\/da\/parkinson\/\" target=\"_self\">\n\t\t\t\tParkinson\t\t\t<\/a>\n\n\t\t\t\t<\/h5>\n\t\t\t\t\t<div class=\"uael-post__meta-data\">\n\t\t\t\t\t<\/div>\n\t\t\n\t\t<div class=\"uael-post__excerpt\">\n\t\t\tDen sunde bev\u00e6gelse forbedrer min holdning og gang Det \u00f8ger min g\u00e5afstand med mindst hundrede meter. I mange \u00e5r blev ...\t\t<\/div>\n\n\t\t\t\t\t<a class=\"uael-post__read-more elementor-button\" href=\"https:\/\/lemco-mobility.com\/da\/parkinson\/\" target=\"_self\" aria-labelledby=\"uael-post-29253\">\n\t\t\t\t\t<span class=\"elementor-button-content-wrapper\">\n\t\t\t\t\t\t\t\t\t\t\t\t\t\t<span class=\"elementor-button-icon elementor-align-icon-left\">\n\n\t\t\t\t\t\t\t\t\t\n\t\t\t\t\t\t\t\t<\/span>\n\t\t\t\t\t\t\t\t\t\t\t\t\t\n\t\t\t\t\t\t<span class=\"elementor-button-text\" id=uael-post-29253>L\u00e6s mere \u2192<\/span>\n\t\t\t\t\t<\/span>\n\t\t\t\t<\/a>\n\t\t\t\t\t\t<\/div>\n\t\t\t\n\t\t<\/div>\n\t\t\n\t<\/div>\n\n<\/div>\n\n\n<div class=\"uael-post-wrapper   \u00c6ldrepleje \">\n\t<div class=\"uael-post__bg-wrap\">\n\t\t\n\t\t\n\t\t<div class=\"uael-post__inner-wrap\">\n\n\t\t\t\t<div class=\"uael-post__thumbnail\">\n\t\t\t<a target=\"_self\" href=\"https:\/\/lemco-mobility.com\/da\/motion-gavner-mine-ben\/\" title=\"Motion gavner mine ben\" style=\"background-image: url(&#039;https:\/\/lemco-mobility.com\/wp-content\/uploads\/2022\/11\/exerciser-for-elderly-2-768x498.webp&#039;);\">\n\t\t\t\t\t\t\t\t<\/a>\n\t\t<\/div>\n\t\t\n\t\t\t\n\t\t\t<div class=\"uael-post__content-wrap \">\n\t\t\t\t<div class=\"uael-post__terms-wrap\">\n\t\t\t\t\t<span class=\"uael-post__terms\"><span class=\"uael-listing__terms-link\">\u00c6ldrepleje<\/span><\/span>\t\t\t\t<\/div>\n\t\t\t\t\t<h5 class=\"uael-post__title\">\n\n\t\t\n\t\t\t\t\t\t<a href=\"https:\/\/lemco-mobility.com\/da\/motion-gavner-mine-ben\/\" target=\"_self\">\n\t\t\t\tMotion gavner mine ben\t\t\t<\/a>\n\n\t\t\t\t<\/h5>\n\t\t\t\t\t<div class=\"uael-post__meta-data\">\n\t\t\t\t\t<\/div>\n\t\t\n\t\t<div class=\"uael-post__excerpt\">\n\t\t\tN\u00e5r man tr\u00e6ner, anbefaler Helene Rasmussen at bruge en Combi Bike Plus, hvis man har slidgigt og nedsat blodcirkulation i benene.\t\t<\/div>\n\n\t\t\t\t\t<a class=\"uael-post__read-more elementor-button\" href=\"https:\/\/lemco-mobility.com\/da\/motion-gavner-mine-ben\/\" target=\"_self\" aria-labelledby=\"uael-post-29651\">\n\t\t\t\t\t<span class=\"elementor-button-content-wrapper\">\n\t\t\t\t\t\t\t\t\t\t\t\t\t\t<span class=\"elementor-button-icon elementor-align-icon-left\">\n\n\t\t\t\t\t\t\t\t\t\n\t\t\t\t\t\t\t\t<\/span>\n\t\t\t\t\t\t\t\t\t\t\t\t\t\n\t\t\t\t\t\t<span class=\"elementor-button-text\" id=uael-post-29651>L\u00e6s mere \u2192<\/span>\n\t\t\t\t\t<\/span>\n\t\t\t\t<\/a>\n\t\t\t\t\t\t<\/div>\n\t\t\t\n\t\t<\/div>\n\t\t\n\t<\/div>\n\n<\/div>\n\t\t\t\t<\/div>\n\t\t\t\n\t\t<\/div>\n\t\t\t\t<\/div>\n\t\t<div class=\"uael-post__footer\">\n\t\t\t\t\t\t<nav class=\"uael-grid-pagination\"  role=\"navigation\" aria-label=\"Pagination\">\n\t\t\t\t<span aria-current=\"page\" class=\"page-numbers current\">1<\/span>\n<a class=\"page-numbers\" href=\"https:\/\/lemco-mobility.com\/da\/wp-json\/wp\/v2\/posts\/29656\/page\/2\/\">2<\/a>\n<a class=\"page-numbers\" href=\"https:\/\/lemco-mobility.com\/da\/wp-json\/wp\/v2\/posts\/29656\/page\/3\/\">3<\/a>\n<a class=\"page-numbers\" href=\"https:\/\/lemco-mobility.com\/da\/wp-json\/wp\/v2\/posts\/29656\/page\/4\/\">4<\/a>\n<a class=\"next page-numbers\" href=\"https:\/\/lemco-mobility.com\/da\/wp-json\/wp\/v2\/posts\/29656\/page\/2\/\">N\u00e6ste &raquo;<\/a>\t\t\t<\/nav>\n\t\t\t\t\t<\/div>\n\t\t\t\t\t\t<\/div>\n\t\t\t\t<\/div>\n\t\t\t\t\t<\/div>\n\t\t<\/div>\n\t\t\t\t\t<\/div>\n\t\t<\/section>\n\t\t\t\t<\/div>\n\t\t","protected":false},"excerpt":{"rendered":"<p>De er synlige p\u00e5 lang afstand. Combi Bike Plus og Bed Bike fra Lemco Mobility har grene med gr\u00f8nne b\u00f8geblade. Den grafiske designer, der tegnede bladene, fort\u00e6ller om et design, der afspejler den energi, der ogs\u00e5 produceres ved at tr\u00e6de i pedalerne.  <\/p>\n","protected":false},"author":3,"featured_media":29657,"comment_status":"closed","ping_status":"open","sticky":false,"template":"elementor_header_footer","format":"standard","meta":{"content-type":"","footnotes":""},"categories":[283],"tags":[],"class_list":["post-29656","post","type-post","status-publish","format-standard","has-post-thumbnail","hentry","category-nyheder"],"yoast_head":"<!-- This site is optimized with the Yoast SEO Premium plugin v27.5 (Yoast SEO v27.5) - https:\/\/yoast.com\/product\/yoast-seo-premium-wordpress\/ -->\n<title>Livsbekr\u00e6ftende dansk design - LEMCO Mobility<\/title>\n<meta name=\"description\" content=\"Designrejsen hos Lemco Mobility. Design af b\u00f8geblade til Bedbike og Combi Bike Plus, et lyst design med et friskt udtryk.\" \/>\n<meta name=\"robots\" content=\"index, follow, max-snippet:-1, max-image-preview:large, max-video-preview:-1\" \/>\n<link rel=\"canonical\" href=\"https:\/\/lemco-mobility.com\/da\/livsbekraeftende-dansk-design\/\" \/>\n<meta property=\"og:locale\" content=\"da_DK\" \/>\n<meta property=\"og:type\" content=\"article\" \/>\n<meta property=\"og:title\" content=\"Livsbekr\u00e6ftende dansk design\" \/>\n<meta property=\"og:description\" content=\"Designrejsen hos Lemco Mobility. Design af b\u00f8geblade til Bedbike og Combi Bike Plus, et lyst design med et friskt udtryk.\" \/>\n<meta property=\"og:url\" content=\"https:\/\/lemco-mobility.com\/da\/livsbekraeftende-dansk-design\/\" \/>\n<meta property=\"og:site_name\" content=\"LEMCO Mobility\" \/>\n<meta property=\"article:publisher\" content=\"https:\/\/www.facebook.com\/lemcomobility\" \/>\n<meta property=\"article:published_time\" content=\"2022-06-29T07:55:50+00:00\" \/>\n<meta property=\"article:modified_time\" content=\"2025-11-05T12:45:25+00:00\" \/>\n<meta property=\"og:image\" content=\"https:\/\/lemco-mobility.com\/wp-content\/uploads\/2022\/11\/mette-maultiz.webp\" \/>\n\t<meta property=\"og:image:width\" content=\"645\" \/>\n\t<meta property=\"og:image:height\" content=\"860\" \/>\n\t<meta property=\"og:image:type\" content=\"image\/webp\" \/>\n<meta name=\"author\" content=\"Tobias Admin\" \/>\n<meta name=\"twitter:card\" content=\"summary_large_image\" \/>\n<meta name=\"twitter:label1\" content=\"Skrevet af\" \/>\n\t<meta name=\"twitter:data1\" content=\"Tobias Admin\" \/>\n\t<meta name=\"twitter:label2\" content=\"Estimeret l\u00e6setid\" \/>\n\t<meta name=\"twitter:data2\" content=\"4 minutter\" \/>\n<script type=\"application\/ld+json\" class=\"yoast-schema-graph\">{\"@context\":\"https:\\\/\\\/schema.org\",\"@graph\":[{\"@type\":\"Article\",\"@id\":\"https:\\\/\\\/lemco-mobility.com\\\/da\\\/livsbekraeftende-dansk-design\\\/#article\",\"isPartOf\":{\"@id\":\"https:\\\/\\\/lemco-mobility.com\\\/da\\\/livsbekraeftende-dansk-design\\\/\"},\"author\":{\"name\":\"Tobias Admin\",\"@id\":\"https:\\\/\\\/lemco-mobility.com\\\/da\\\/#\\\/schema\\\/person\\\/984cca5a88177d502c81def783706161\"},\"headline\":\"Livsbekr\u00e6ftende dansk design\",\"datePublished\":\"2022-06-29T07:55:50+00:00\",\"dateModified\":\"2025-11-05T12:45:25+00:00\",\"mainEntityOfPage\":{\"@id\":\"https:\\\/\\\/lemco-mobility.com\\\/da\\\/livsbekraeftende-dansk-design\\\/\"},\"wordCount\":718,\"publisher\":{\"@id\":\"https:\\\/\\\/lemco-mobility.com\\\/da\\\/#organization\"},\"image\":{\"@id\":\"https:\\\/\\\/lemco-mobility.com\\\/da\\\/livsbekraeftende-dansk-design\\\/#primaryimage\"},\"thumbnailUrl\":\"https:\\\/\\\/lemco-mobility.com\\\/wp-content\\\/uploads\\\/2022\\\/11\\\/mette-maultiz.webp\",\"articleSection\":[\"nyheder\"],\"inLanguage\":\"da-DK\"},{\"@type\":\"WebPage\",\"@id\":\"https:\\\/\\\/lemco-mobility.com\\\/da\\\/livsbekraeftende-dansk-design\\\/\",\"url\":\"https:\\\/\\\/lemco-mobility.com\\\/da\\\/livsbekraeftende-dansk-design\\\/\",\"name\":\"Livsbekr\u00e6ftende dansk design - LEMCO Mobility\",\"isPartOf\":{\"@id\":\"https:\\\/\\\/lemco-mobility.com\\\/da\\\/#website\"},\"primaryImageOfPage\":{\"@id\":\"https:\\\/\\\/lemco-mobility.com\\\/da\\\/livsbekraeftende-dansk-design\\\/#primaryimage\"},\"image\":{\"@id\":\"https:\\\/\\\/lemco-mobility.com\\\/da\\\/livsbekraeftende-dansk-design\\\/#primaryimage\"},\"thumbnailUrl\":\"https:\\\/\\\/lemco-mobility.com\\\/wp-content\\\/uploads\\\/2022\\\/11\\\/mette-maultiz.webp\",\"datePublished\":\"2022-06-29T07:55:50+00:00\",\"dateModified\":\"2025-11-05T12:45:25+00:00\",\"description\":\"Designrejsen hos Lemco Mobility. Design af b\u00f8geblade til Bedbike og Combi Bike Plus, et lyst design med et friskt udtryk.\",\"breadcrumb\":{\"@id\":\"https:\\\/\\\/lemco-mobility.com\\\/da\\\/livsbekraeftende-dansk-design\\\/#breadcrumb\"},\"inLanguage\":\"da-DK\",\"potentialAction\":[{\"@type\":\"ReadAction\",\"target\":[\"https:\\\/\\\/lemco-mobility.com\\\/da\\\/livsbekraeftende-dansk-design\\\/\"]}]},{\"@type\":\"ImageObject\",\"inLanguage\":\"da-DK\",\"@id\":\"https:\\\/\\\/lemco-mobility.com\\\/da\\\/livsbekraeftende-dansk-design\\\/#primaryimage\",\"url\":\"https:\\\/\\\/lemco-mobility.com\\\/wp-content\\\/uploads\\\/2022\\\/11\\\/mette-maultiz.webp\",\"contentUrl\":\"https:\\\/\\\/lemco-mobility.com\\\/wp-content\\\/uploads\\\/2022\\\/11\\\/mette-maultiz.webp\",\"width\":645,\"height\":860},{\"@type\":\"BreadcrumbList\",\"@id\":\"https:\\\/\\\/lemco-mobility.com\\\/da\\\/livsbekraeftende-dansk-design\\\/#breadcrumb\",\"itemListElement\":[{\"@type\":\"ListItem\",\"position\":1,\"name\":\"Home\",\"item\":\"https:\\\/\\\/lemco-mobility.com\\\/da\\\/traeningscykler-til-koerestol-stol-bedbikes-til-hospitalssenge\\\/\"},{\"@type\":\"ListItem\",\"position\":2,\"name\":\"Livsbekr\u00e6ftende dansk design\"}]},{\"@type\":\"WebSite\",\"@id\":\"https:\\\/\\\/lemco-mobility.com\\\/da\\\/#website\",\"url\":\"https:\\\/\\\/lemco-mobility.com\\\/da\\\/\",\"name\":\"LEMCO Mobility\",\"description\":\"Exercisers for Wheelchair and Chair &amp; BedBikes for Hospital beds\",\"publisher\":{\"@id\":\"https:\\\/\\\/lemco-mobility.com\\\/da\\\/#organization\"},\"alternateName\":\"We increase Personal Mobility\",\"potentialAction\":[{\"@type\":\"SearchAction\",\"target\":{\"@type\":\"EntryPoint\",\"urlTemplate\":\"https:\\\/\\\/lemco-mobility.com\\\/da\\\/?s={search_term_string}\"},\"query-input\":{\"@type\":\"PropertyValueSpecification\",\"valueRequired\":true,\"valueName\":\"search_term_string\"}}],\"inLanguage\":\"da-DK\"},{\"@type\":\"Organization\",\"@id\":\"https:\\\/\\\/lemco-mobility.com\\\/da\\\/#organization\",\"name\":\"Lemco mobilitet\",\"url\":\"https:\\\/\\\/lemco-mobility.com\\\/da\\\/\",\"logo\":{\"@type\":\"ImageObject\",\"inLanguage\":\"da-DK\",\"@id\":\"https:\\\/\\\/lemco-mobility.com\\\/da\\\/#\\\/schema\\\/logo\\\/image\\\/\",\"url\":\"https:\\\/\\\/lemco-mobility.com\\\/wp-content\\\/uploads\\\/2021\\\/12\\\/Lemco_Logo_RGB_AlmostBlack.webp\",\"contentUrl\":\"https:\\\/\\\/lemco-mobility.com\\\/wp-content\\\/uploads\\\/2021\\\/12\\\/Lemco_Logo_RGB_AlmostBlack.webp\",\"width\":250,\"height\":36,\"caption\":\"Lemco mobilitet\"},\"image\":{\"@id\":\"https:\\\/\\\/lemco-mobility.com\\\/da\\\/#\\\/schema\\\/logo\\\/image\\\/\"},\"sameAs\":[\"https:\\\/\\\/www.facebook.com\\\/lemcomobility\",\"https:\\\/\\\/m.youtube.com\\\/channel\\\/UClAacR9HmcdIoue_NQtX2Ng\"]},{\"@type\":\"Person\",\"@id\":\"https:\\\/\\\/lemco-mobility.com\\\/da\\\/#\\\/schema\\\/person\\\/984cca5a88177d502c81def783706161\",\"name\":\"Tobias Admin\",\"image\":{\"@type\":\"ImageObject\",\"inLanguage\":\"da-DK\",\"@id\":\"https:\\\/\\\/secure.gravatar.com\\\/avatar\\\/6d472c310252e72112c1dee8bc54d93c2473896a9e51064bf2314f28466df046?s=96&d=mm&r=g\",\"url\":\"https:\\\/\\\/secure.gravatar.com\\\/avatar\\\/6d472c310252e72112c1dee8bc54d93c2473896a9e51064bf2314f28466df046?s=96&d=mm&r=g\",\"contentUrl\":\"https:\\\/\\\/secure.gravatar.com\\\/avatar\\\/6d472c310252e72112c1dee8bc54d93c2473896a9e51064bf2314f28466df046?s=96&d=mm&r=g\",\"caption\":\"Tobias Admin\"},\"url\":\"https:\\\/\\\/lemco-mobility.com\\\/da\\\/author\\\/tobias-jakobsen\\\/\"}]}<\/script>\n<!-- \/ Yoast SEO Premium plugin. -->","yoast_head_json":{"title":"Livsbekr\u00e6ftende dansk design - LEMCO Mobility","description":"Designrejsen hos Lemco Mobility. Design af b\u00f8geblade til Bedbike og Combi Bike Plus, et lyst design med et friskt udtryk.","robots":{"index":"index","follow":"follow","max-snippet":"max-snippet:-1","max-image-preview":"max-image-preview:large","max-video-preview":"max-video-preview:-1"},"canonical":"https:\/\/lemco-mobility.com\/da\/livsbekraeftende-dansk-design\/","og_locale":"da_DK","og_type":"article","og_title":"Livsbekr\u00e6ftende dansk design","og_description":"Designrejsen hos Lemco Mobility. Design af b\u00f8geblade til Bedbike og Combi Bike Plus, et lyst design med et friskt udtryk.","og_url":"https:\/\/lemco-mobility.com\/da\/livsbekraeftende-dansk-design\/","og_site_name":"LEMCO Mobility","article_publisher":"https:\/\/www.facebook.com\/lemcomobility","article_published_time":"2022-06-29T07:55:50+00:00","article_modified_time":"2025-11-05T12:45:25+00:00","og_image":[{"width":645,"height":860,"url":"https:\/\/lemco-mobility.com\/wp-content\/uploads\/2022\/11\/mette-maultiz.webp","type":"image\/webp"}],"author":"Tobias Admin","twitter_card":"summary_large_image","twitter_misc":{"Skrevet af":"Tobias Admin","Estimeret l\u00e6setid":"4 minutter"},"schema":{"@context":"https:\/\/schema.org","@graph":[{"@type":"Article","@id":"https:\/\/lemco-mobility.com\/da\/livsbekraeftende-dansk-design\/#article","isPartOf":{"@id":"https:\/\/lemco-mobility.com\/da\/livsbekraeftende-dansk-design\/"},"author":{"name":"Tobias Admin","@id":"https:\/\/lemco-mobility.com\/da\/#\/schema\/person\/984cca5a88177d502c81def783706161"},"headline":"Livsbekr\u00e6ftende dansk design","datePublished":"2022-06-29T07:55:50+00:00","dateModified":"2025-11-05T12:45:25+00:00","mainEntityOfPage":{"@id":"https:\/\/lemco-mobility.com\/da\/livsbekraeftende-dansk-design\/"},"wordCount":718,"publisher":{"@id":"https:\/\/lemco-mobility.com\/da\/#organization"},"image":{"@id":"https:\/\/lemco-mobility.com\/da\/livsbekraeftende-dansk-design\/#primaryimage"},"thumbnailUrl":"https:\/\/lemco-mobility.com\/wp-content\/uploads\/2022\/11\/mette-maultiz.webp","articleSection":["nyheder"],"inLanguage":"da-DK"},{"@type":"WebPage","@id":"https:\/\/lemco-mobility.com\/da\/livsbekraeftende-dansk-design\/","url":"https:\/\/lemco-mobility.com\/da\/livsbekraeftende-dansk-design\/","name":"Livsbekr\u00e6ftende dansk design - LEMCO Mobility","isPartOf":{"@id":"https:\/\/lemco-mobility.com\/da\/#website"},"primaryImageOfPage":{"@id":"https:\/\/lemco-mobility.com\/da\/livsbekraeftende-dansk-design\/#primaryimage"},"image":{"@id":"https:\/\/lemco-mobility.com\/da\/livsbekraeftende-dansk-design\/#primaryimage"},"thumbnailUrl":"https:\/\/lemco-mobility.com\/wp-content\/uploads\/2022\/11\/mette-maultiz.webp","datePublished":"2022-06-29T07:55:50+00:00","dateModified":"2025-11-05T12:45:25+00:00","description":"Designrejsen hos Lemco Mobility. Design af b\u00f8geblade til Bedbike og Combi Bike Plus, et lyst design med et friskt udtryk.","breadcrumb":{"@id":"https:\/\/lemco-mobility.com\/da\/livsbekraeftende-dansk-design\/#breadcrumb"},"inLanguage":"da-DK","potentialAction":[{"@type":"ReadAction","target":["https:\/\/lemco-mobility.com\/da\/livsbekraeftende-dansk-design\/"]}]},{"@type":"ImageObject","inLanguage":"da-DK","@id":"https:\/\/lemco-mobility.com\/da\/livsbekraeftende-dansk-design\/#primaryimage","url":"https:\/\/lemco-mobility.com\/wp-content\/uploads\/2022\/11\/mette-maultiz.webp","contentUrl":"https:\/\/lemco-mobility.com\/wp-content\/uploads\/2022\/11\/mette-maultiz.webp","width":645,"height":860},{"@type":"BreadcrumbList","@id":"https:\/\/lemco-mobility.com\/da\/livsbekraeftende-dansk-design\/#breadcrumb","itemListElement":[{"@type":"ListItem","position":1,"name":"Home","item":"https:\/\/lemco-mobility.com\/da\/traeningscykler-til-koerestol-stol-bedbikes-til-hospitalssenge\/"},{"@type":"ListItem","position":2,"name":"Livsbekr\u00e6ftende dansk design"}]},{"@type":"WebSite","@id":"https:\/\/lemco-mobility.com\/da\/#website","url":"https:\/\/lemco-mobility.com\/da\/","name":"LEMCO Mobility","description":"Exercisers for Wheelchair and Chair &amp; BedBikes for Hospital beds","publisher":{"@id":"https:\/\/lemco-mobility.com\/da\/#organization"},"alternateName":"We increase Personal Mobility","potentialAction":[{"@type":"SearchAction","target":{"@type":"EntryPoint","urlTemplate":"https:\/\/lemco-mobility.com\/da\/?s={search_term_string}"},"query-input":{"@type":"PropertyValueSpecification","valueRequired":true,"valueName":"search_term_string"}}],"inLanguage":"da-DK"},{"@type":"Organization","@id":"https:\/\/lemco-mobility.com\/da\/#organization","name":"Lemco mobilitet","url":"https:\/\/lemco-mobility.com\/da\/","logo":{"@type":"ImageObject","inLanguage":"da-DK","@id":"https:\/\/lemco-mobility.com\/da\/#\/schema\/logo\/image\/","url":"https:\/\/lemco-mobility.com\/wp-content\/uploads\/2021\/12\/Lemco_Logo_RGB_AlmostBlack.webp","contentUrl":"https:\/\/lemco-mobility.com\/wp-content\/uploads\/2021\/12\/Lemco_Logo_RGB_AlmostBlack.webp","width":250,"height":36,"caption":"Lemco mobilitet"},"image":{"@id":"https:\/\/lemco-mobility.com\/da\/#\/schema\/logo\/image\/"},"sameAs":["https:\/\/www.facebook.com\/lemcomobility","https:\/\/m.youtube.com\/channel\/UClAacR9HmcdIoue_NQtX2Ng"]},{"@type":"Person","@id":"https:\/\/lemco-mobility.com\/da\/#\/schema\/person\/984cca5a88177d502c81def783706161","name":"Tobias Admin","image":{"@type":"ImageObject","inLanguage":"da-DK","@id":"https:\/\/secure.gravatar.com\/avatar\/6d472c310252e72112c1dee8bc54d93c2473896a9e51064bf2314f28466df046?s=96&d=mm&r=g","url":"https:\/\/secure.gravatar.com\/avatar\/6d472c310252e72112c1dee8bc54d93c2473896a9e51064bf2314f28466df046?s=96&d=mm&r=g","contentUrl":"https:\/\/secure.gravatar.com\/avatar\/6d472c310252e72112c1dee8bc54d93c2473896a9e51064bf2314f28466df046?s=96&d=mm&r=g","caption":"Tobias Admin"},"url":"https:\/\/lemco-mobility.com\/da\/author\/tobias-jakobsen\/"}]}},"_links":{"self":[{"href":"https:\/\/lemco-mobility.com\/da\/wp-json\/wp\/v2\/posts\/29656","targetHints":{"allow":["GET"]}}],"collection":[{"href":"https:\/\/lemco-mobility.com\/da\/wp-json\/wp\/v2\/posts"}],"about":[{"href":"https:\/\/lemco-mobility.com\/da\/wp-json\/wp\/v2\/types\/post"}],"author":[{"embeddable":true,"href":"https:\/\/lemco-mobility.com\/da\/wp-json\/wp\/v2\/users\/3"}],"replies":[{"embeddable":true,"href":"https:\/\/lemco-mobility.com\/da\/wp-json\/wp\/v2\/comments?post=29656"}],"version-history":[{"count":1,"href":"https:\/\/lemco-mobility.com\/da\/wp-json\/wp\/v2\/posts\/29656\/revisions"}],"predecessor-version":[{"id":29659,"href":"https:\/\/lemco-mobility.com\/da\/wp-json\/wp\/v2\/posts\/29656\/revisions\/29659"}],"wp:featuredmedia":[{"embeddable":true,"href":"https:\/\/lemco-mobility.com\/da\/wp-json\/wp\/v2\/media\/29657"}],"wp:attachment":[{"href":"https:\/\/lemco-mobility.com\/da\/wp-json\/wp\/v2\/media?parent=29656"}],"wp:term":[{"taxonomy":"category","embeddable":true,"href":"https:\/\/lemco-mobility.com\/da\/wp-json\/wp\/v2\/categories?post=29656"},{"taxonomy":"post_tag","embeddable":true,"href":"https:\/\/lemco-mobility.com\/da\/wp-json\/wp\/v2\/tags?post=29656"}],"curies":[{"name":"wp","href":"https:\/\/api.w.org\/{rel}","templated":true}]}}